{"id":3525,"date":"2022-06-01T08:42:48","date_gmt":"2022-06-01T07:42:48","guid":{"rendered":"https:\/\/www.stockalperweg.ch\/stockalperweg-ouvert\/"},"modified":"2022-06-01T08:42:51","modified_gmt":"2022-06-01T07:42:51","slug":"stockalperweg-ouvert","status":"publish","type":"post","link":"https:\/\/www.stockalperweg.ch\/fr\/stockalperweg-ouvert\/","title":{"rendered":"Stockalperweg ouvert"},"content":{"rendered":"<div id='full_slider_1'  class='avia-fullwidth-slider main_color avia-shadow   avia-builder-el-0  el_before_av_one_full  avia-builder-el-first   container_wrap fullsize'  ><div  class='avia-slideshow av-l3uawa3y-1193cd29627c9f3f2dcfe150a74bacd1 avia-slideshow-featured av_slideshow_full avia-slide-slider av-slideshow-ui av-control-default av-slideshow-manual av-loop-once av-loop-manual-endless av-default-height-applied   avia-slideshow-1' data-slideshow-options=\"{&quot;animation&quot;:&quot;slide&quot;,&quot;autoplay&quot;:false,&quot;loop_autoplay&quot;:&quot;once&quot;,&quot;interval&quot;:5,&quot;loop_manual&quot;:&quot;manual-endless&quot;,&quot;autoplay_stopper&quot;:false,&quot;noNavigation&quot;:false,&quot;bg_slider&quot;:false,&quot;keep_padding&quot;:false,&quot;hoverpause&quot;:false,&quot;show_slide_delay&quot;:0}\"  itemprop=\"image\" itemscope=\"itemscope\" itemtype=\"https:\/\/schema.org\/ImageObject\" ><ul class='avia-slideshow-inner ' style='padding-bottom: 28.666666666667%;'><li  class='avia-slideshow-slide av-l3uawa3y-1193cd29627c9f3f2dcfe150a74bacd1__0  av-single-slide slide-1 slide-odd'><div data-rel='slideshow-1' class='avia-slide-wrap '   ><img decoding=\"async\" fetchpriority=\"high\" class=\"wp-image-3512 avia-img-lazy-loading-not-3512\"  src=\"https:\/\/www.stockalperweg.ch\/wp-content\/uploads\/2022\/05\/28683833977_ceefd6f5b2_o-1500x430.jpg\" width=\"1500\" height=\"430\" title='OLYMPUS DIGITAL CAMERA' alt=''  itemprop=\"thumbnailUrl\"  style='min-height:550px; min-width:1919px; ' \/><\/div><\/li><\/ul><\/div><\/div><div id='after_full_slider_1'  class='main_color av_default_container_wrap container_wrap fullsize'  ><div class='container av-section-cont-open' ><div class='template-page content  av-content-full alpha units'><div class='post-entry post-entry-type-page post-entry-3525'><div class='entry-content-wrapper clearfix'>\n\n<style type=\"text\/css\" data-created_by=\"avia_inline_auto\" id=\"style-css-av-3b113v-86d7c9a4901613a31da4251652295983\">\n.flex_column.av-3b113v-86d7c9a4901613a31da4251652295983{\nborder-radius:0px 0px 0px 0px;\npadding:0px 0px 0px 0px;\n}\n<\/style>\n<div  class='flex_column av-3b113v-86d7c9a4901613a31da4251652295983 av_one_full  avia-builder-el-1  el_after_av_slideshow_full  el_before_av_button  avia-builder-el-first  first flex_column_div av-zero-column-padding  '     ><section  class='av_textblock_section av-kh1zvb66-327eb90ae057b9831afe7087451b470f '   itemscope=\"itemscope\" itemtype=\"https:\/\/schema.org\/BlogPosting\" itemprop=\"blogPost\" ><div class='avia_textblock'  itemprop=\"text\" ><h2>Ouverture du sentier Stockalper<\/h2>\n<p>Le 1er juin 2022, le sentier Stockalper sera ouvert sur le tron\u00e7on Brigue &#8211; col du Simplon &#8211; Gondo et la variante via Furggu vers la vall\u00e9e du Zwischberg.<\/p>\n<p>Si vous pr\u00e9voyez une excursion d&rsquo;une journ\u00e9e dans la r\u00e9gion du Simplon, il est recommand\u00e9 cette ann\u00e9e de faire une randonn\u00e9e sur le sentier Stockalper du col du Simplon jusqu&rsquo;\u00e0 Simplon village. Apr\u00e8s un d\u00e9licieux d\u00e9jeuner dans un restaurant de Simplon Dorf, l&rsquo;exposition temporaire de l&rsquo;\u00e9comus\u00e9e attend d&rsquo;\u00eatre visit\u00e9e. A partir de la mi-juin, 15 artistes de Brigerberg exposeront leurs \u0153uvres dans l&rsquo;ancienne auberge.<\/p>\n<p>P. S. Avez-vous d\u00e9j\u00e0 planifi\u00e9 vos vacances de randonn\u00e9e ? Le forfait <a href=\"https:\/\/www.stockalperweg.ch\/fr\/offres\/\">ViaStockalper<\/a> jusqu&rsquo;\u00e0 Gondo ou Domodossola (I) serait id\u00e9al pour des vacances actives<\/p>\n<\/div><\/section><\/div><div  class='avia-button-wrap av-kdhap0hi-2b956be53bd230391e850662760ae85f-wrap avia-button-center  avia-builder-el-3  el_after_av_one_full  avia-builder-el-last '><a href='https:\/\/www.stockalperweg.ch\/fr\/nouvelles\/'  class='avia-button av-kdhap0hi-2b956be53bd230391e850662760ae85f av-link-btn avia-icon_select-yes-left-icon avia-size-small avia-position-center avia-color-theme-color'   aria-label=\"retour\"><span class='avia_button_icon avia_button_icon_left avia-iconfont avia-font-entypo-fontello' data-av_icon='\ue830' data-av_iconfont='entypo-fontello' ><\/span><span class='avia_iconbox_title' >retour<\/span><\/a><\/div><\/p>\n","protected":false},"excerpt":{"rendered":"<p>Chers amis randonneurs &#8211; le sentier Stockalper est d\u00e9sormais ouvert et peut \u00eatre emprunt\u00e9 depuis Brigue via le Simplon.<\/p>\n","protected":false},"author":12,"featured_media":3512,"comment_status":"closed","ping_status":"open","sticky":false,"template":"","format":"standard","meta":{"footnotes":""},"categories":[],"tags":[],"class_list":["post-3525","post","type-post","status-publish","format-standard","has-post-thumbnail","hentry"],"yoast_head":"<!-- This site is optimized with the Yoast SEO plugin v27.5 - https:\/\/yoast.com\/product\/yoast-seo-wordpress\/ -->\n<title>Le Stockalperweg ouvre le 01 juin 2022 - Stockalperweg<\/title>\n<meta name=\"description\" content=\"L&#039;itin\u00e9raire culturel tr\u00e8s appr\u00e9ci\u00e9 entre Brigue et Gondo sera praticable \u00e0 partir du 1er juin 2022.\" \/>\n<meta name=\"robots\" content=\"index, follow, max-snippet:-1, max-image-preview:large, max-video-preview:-1\" \/>\n<link rel=\"canonical\" href=\"https:\/\/www.stockalperweg.ch\/fr\/stockalperweg-ouvert\/\" \/>\n<meta property=\"og:locale\" content=\"fr_FR\" \/>\n<meta property=\"og:type\" content=\"article\" \/>\n<meta property=\"og:title\" content=\"Le Stockalperweg ouvre le 01 juin 2022 - Stockalperweg\" \/>\n<meta property=\"og:description\" content=\"L&#039;itin\u00e9raire culturel tr\u00e8s appr\u00e9ci\u00e9 entre Brigue et Gondo sera praticable \u00e0 partir du 1er juin 2022.\" \/>\n<meta property=\"og:url\" content=\"https:\/\/www.stockalperweg.ch\/fr\/stockalperweg-ouvert\/\" \/>\n<meta property=\"og:site_name\" content=\"Stockalperweg\" \/>\n<meta property=\"article:publisher\" content=\"https:\/\/www.facebook.com\/ViaStockalper\" \/>\n<meta property=\"article:published_time\" content=\"2022-06-01T07:42:48+00:00\" \/>\n<meta property=\"article:modified_time\" content=\"2022-06-01T07:42:51+00:00\" \/>\n<meta property=\"og:image\" content=\"https:\/\/www.stockalperweg.ch\/wp-content\/uploads\/2022\/05\/28683833977_ceefd6f5b2_o-1030x773.jpg\" \/>\n\t<meta property=\"og:image:width\" content=\"1030\" \/>\n\t<meta property=\"og:image:height\" content=\"773\" \/>\n\t<meta property=\"og:image:type\" content=\"image\/jpeg\" \/>\n<meta name=\"author\" content=\"Rebecca Imboden\" \/>\n<meta name=\"twitter:card\" content=\"summary_large_image\" \/>\n<meta name=\"twitter:label1\" content=\"\u00c9crit par\" \/>\n\t<meta name=\"twitter:data1\" content=\"Rebecca Imboden\" \/>\n\t<meta name=\"twitter:label2\" content=\"Dur\u00e9e de lecture estim\u00e9e\" \/>\n\t<meta name=\"twitter:data2\" content=\"3 minutes\" \/>\n<script type=\"application\/ld+json\" class=\"yoast-schema-graph\">{\"@context\":\"https:\\\/\\\/schema.org\",\"@graph\":[{\"@type\":\"Article\",\"@id\":\"https:\\\/\\\/www.stockalperweg.ch\\\/fr\\\/stockalperweg-ouvert\\\/#article\",\"isPartOf\":{\"@id\":\"https:\\\/\\\/www.stockalperweg.ch\\\/fr\\\/stockalperweg-ouvert\\\/\"},\"author\":{\"name\":\"Rebecca Imboden\",\"@id\":\"https:\\\/\\\/www.stockalperweg.ch\\\/fr\\\/#\\\/schema\\\/person\\\/ecbd10ef8064ff81b8bec942c06baa74\"},\"headline\":\"Stockalperweg ouvert\",\"datePublished\":\"2022-06-01T07:42:48+00:00\",\"dateModified\":\"2022-06-01T07:42:51+00:00\",\"mainEntityOfPage\":{\"@id\":\"https:\\\/\\\/www.stockalperweg.ch\\\/fr\\\/stockalperweg-ouvert\\\/\"},\"wordCount\":577,\"publisher\":{\"@id\":\"https:\\\/\\\/www.stockalperweg.ch\\\/fr\\\/#organization\"},\"image\":{\"@id\":\"https:\\\/\\\/www.stockalperweg.ch\\\/fr\\\/stockalperweg-ouvert\\\/#primaryimage\"},\"thumbnailUrl\":\"https:\\\/\\\/www.stockalperweg.ch\\\/wp-content\\\/uploads\\\/2022\\\/05\\\/28683833977_ceefd6f5b2_o-scaled.jpg\",\"inLanguage\":\"fr-FR\"},{\"@type\":\"WebPage\",\"@id\":\"https:\\\/\\\/www.stockalperweg.ch\\\/fr\\\/stockalperweg-ouvert\\\/\",\"url\":\"https:\\\/\\\/www.stockalperweg.ch\\\/fr\\\/stockalperweg-ouvert\\\/\",\"name\":\"Le Stockalperweg ouvre le 01 juin 2022 - Stockalperweg\",\"isPartOf\":{\"@id\":\"https:\\\/\\\/www.stockalperweg.ch\\\/fr\\\/#website\"},\"primaryImageOfPage\":{\"@id\":\"https:\\\/\\\/www.stockalperweg.ch\\\/fr\\\/stockalperweg-ouvert\\\/#primaryimage\"},\"image\":{\"@id\":\"https:\\\/\\\/www.stockalperweg.ch\\\/fr\\\/stockalperweg-ouvert\\\/#primaryimage\"},\"thumbnailUrl\":\"https:\\\/\\\/www.stockalperweg.ch\\\/wp-content\\\/uploads\\\/2022\\\/05\\\/28683833977_ceefd6f5b2_o-scaled.jpg\",\"datePublished\":\"2022-06-01T07:42:48+00:00\",\"dateModified\":\"2022-06-01T07:42:51+00:00\",\"description\":\"L'itin\u00e9raire culturel tr\u00e8s appr\u00e9ci\u00e9 entre Brigue et Gondo sera praticable \u00e0 partir du 1er juin 2022.\",\"breadcrumb\":{\"@id\":\"https:\\\/\\\/www.stockalperweg.ch\\\/fr\\\/stockalperweg-ouvert\\\/#breadcrumb\"},\"inLanguage\":\"fr-FR\",\"potentialAction\":[{\"@type\":\"ReadAction\",\"target\":[\"https:\\\/\\\/www.stockalperweg.ch\\\/fr\\\/stockalperweg-ouvert\\\/\"]}]},{\"@type\":\"ImageObject\",\"inLanguage\":\"fr-FR\",\"@id\":\"https:\\\/\\\/www.stockalperweg.ch\\\/fr\\\/stockalperweg-ouvert\\\/#primaryimage\",\"url\":\"https:\\\/\\\/www.stockalperweg.ch\\\/wp-content\\\/uploads\\\/2022\\\/05\\\/28683833977_ceefd6f5b2_o-scaled.jpg\",\"contentUrl\":\"https:\\\/\\\/www.stockalperweg.ch\\\/wp-content\\\/uploads\\\/2022\\\/05\\\/28683833977_ceefd6f5b2_o-scaled.jpg\",\"width\":2560,\"height\":1920,\"caption\":\"OLYMPUS DIGITAL CAMERA\"},{\"@type\":\"BreadcrumbList\",\"@id\":\"https:\\\/\\\/www.stockalperweg.ch\\\/fr\\\/stockalperweg-ouvert\\\/#breadcrumb\",\"itemListElement\":[{\"@type\":\"ListItem\",\"position\":1,\"name\":\"Startseite\",\"item\":\"https:\\\/\\\/www.stockalperweg.ch\\\/fr\\\/\"},{\"@type\":\"ListItem\",\"position\":2,\"name\":\"Stockalperweg ouvert\"}]},{\"@type\":\"WebSite\",\"@id\":\"https:\\\/\\\/www.stockalperweg.ch\\\/fr\\\/#website\",\"url\":\"https:\\\/\\\/www.stockalperweg.ch\\\/fr\\\/\",\"name\":\"Stockalperweg\",\"description\":\"Der historische Wanderweg die ViaStockalper oder auch Stockalperweg f\u00fchrt von Brig nach Domodossola\",\"publisher\":{\"@id\":\"https:\\\/\\\/www.stockalperweg.ch\\\/fr\\\/#organization\"},\"potentialAction\":[{\"@type\":\"SearchAction\",\"target\":{\"@type\":\"EntryPoint\",\"urlTemplate\":\"https:\\\/\\\/www.stockalperweg.ch\\\/fr\\\/?s={search_term_string}\"},\"query-input\":{\"@type\":\"PropertyValueSpecification\",\"valueRequired\":true,\"valueName\":\"search_term_string\"}}],\"inLanguage\":\"fr-FR\"},{\"@type\":\"Organization\",\"@id\":\"https:\\\/\\\/www.stockalperweg.ch\\\/fr\\\/#organization\",\"name\":\"Stockalperweg\",\"url\":\"https:\\\/\\\/www.stockalperweg.ch\\\/fr\\\/\",\"logo\":{\"@type\":\"ImageObject\",\"inLanguage\":\"fr-FR\",\"@id\":\"https:\\\/\\\/www.stockalperweg.ch\\\/fr\\\/#\\\/schema\\\/logo\\\/image\\\/\",\"url\":\"https:\\\/\\\/www.stockalperweg.ch\\\/wp-content\\\/uploads\\\/2020\\\/01\\\/logo-2.png\",\"contentUrl\":\"https:\\\/\\\/www.stockalperweg.ch\\\/wp-content\\\/uploads\\\/2020\\\/01\\\/logo-2.png\",\"width\":400,\"height\":204,\"caption\":\"Stockalperweg\"},\"image\":{\"@id\":\"https:\\\/\\\/www.stockalperweg.ch\\\/fr\\\/#\\\/schema\\\/logo\\\/image\\\/\"},\"sameAs\":[\"https:\\\/\\\/www.facebook.com\\\/ViaStockalper\",\"https:\\\/\\\/de.wikipedia.org\\\/wiki\\\/Via_Stockalper\"]},{\"@type\":\"Person\",\"@id\":\"https:\\\/\\\/www.stockalperweg.ch\\\/fr\\\/#\\\/schema\\\/person\\\/ecbd10ef8064ff81b8bec942c06baa74\",\"name\":\"Rebecca Imboden\",\"image\":{\"@type\":\"ImageObject\",\"inLanguage\":\"fr-FR\",\"@id\":\"https:\\\/\\\/secure.gravatar.com\\\/avatar\\\/27b4698f1f7c53dea3b7bec33827ff47fb35e3014b51be966ba0afba929189d6?s=96&d=mm&r=g\",\"url\":\"https:\\\/\\\/secure.gravatar.com\\\/avatar\\\/27b4698f1f7c53dea3b7bec33827ff47fb35e3014b51be966ba0afba929189d6?s=96&d=mm&r=g\",\"contentUrl\":\"https:\\\/\\\/secure.gravatar.com\\\/avatar\\\/27b4698f1f7c53dea3b7bec33827ff47fb35e3014b51be966ba0afba929189d6?s=96&d=mm&r=g\",\"caption\":\"Rebecca Imboden\"},\"url\":\"https:\\\/\\\/www.stockalperweg.ch\\\/fr\\\/author\\\/r-imboden\\\/\"}]}<\/script>\n<!-- \/ Yoast SEO plugin. -->","yoast_head_json":{"title":"Le Stockalperweg ouvre le 01 juin 2022 - Stockalperweg","description":"L'itin\u00e9raire culturel tr\u00e8s appr\u00e9ci\u00e9 entre Brigue et Gondo sera praticable \u00e0 partir du 1er juin 2022.","robots":{"index":"index","follow":"follow","max-snippet":"max-snippet:-1","max-image-preview":"max-image-preview:large","max-video-preview":"max-video-preview:-1"},"canonical":"https:\/\/www.stockalperweg.ch\/fr\/stockalperweg-ouvert\/","og_locale":"fr_FR","og_type":"article","og_title":"Le Stockalperweg ouvre le 01 juin 2022 - Stockalperweg","og_description":"L'itin\u00e9raire culturel tr\u00e8s appr\u00e9ci\u00e9 entre Brigue et Gondo sera praticable \u00e0 partir du 1er juin 2022.","og_url":"https:\/\/www.stockalperweg.ch\/fr\/stockalperweg-ouvert\/","og_site_name":"Stockalperweg","article_publisher":"https:\/\/www.facebook.com\/ViaStockalper","article_published_time":"2022-06-01T07:42:48+00:00","article_modified_time":"2022-06-01T07:42:51+00:00","og_image":[{"width":1030,"height":773,"url":"https:\/\/www.stockalperweg.ch\/wp-content\/uploads\/2022\/05\/28683833977_ceefd6f5b2_o-1030x773.jpg","type":"image\/jpeg"}],"author":"Rebecca Imboden","twitter_card":"summary_large_image","twitter_misc":{"\u00c9crit par":"Rebecca Imboden","Dur\u00e9e de lecture estim\u00e9e":"3 minutes"},"schema":{"@context":"https:\/\/schema.org","@graph":[{"@type":"Article","@id":"https:\/\/www.stockalperweg.ch\/fr\/stockalperweg-ouvert\/#article","isPartOf":{"@id":"https:\/\/www.stockalperweg.ch\/fr\/stockalperweg-ouvert\/"},"author":{"name":"Rebecca Imboden","@id":"https:\/\/www.stockalperweg.ch\/fr\/#\/schema\/person\/ecbd10ef8064ff81b8bec942c06baa74"},"headline":"Stockalperweg ouvert","datePublished":"2022-06-01T07:42:48+00:00","dateModified":"2022-06-01T07:42:51+00:00","mainEntityOfPage":{"@id":"https:\/\/www.stockalperweg.ch\/fr\/stockalperweg-ouvert\/"},"wordCount":577,"publisher":{"@id":"https:\/\/www.stockalperweg.ch\/fr\/#organization"},"image":{"@id":"https:\/\/www.stockalperweg.ch\/fr\/stockalperweg-ouvert\/#primaryimage"},"thumbnailUrl":"https:\/\/www.stockalperweg.ch\/wp-content\/uploads\/2022\/05\/28683833977_ceefd6f5b2_o-scaled.jpg","inLanguage":"fr-FR"},{"@type":"WebPage","@id":"https:\/\/www.stockalperweg.ch\/fr\/stockalperweg-ouvert\/","url":"https:\/\/www.stockalperweg.ch\/fr\/stockalperweg-ouvert\/","name":"Le Stockalperweg ouvre le 01 juin 2022 - Stockalperweg","isPartOf":{"@id":"https:\/\/www.stockalperweg.ch\/fr\/#website"},"primaryImageOfPage":{"@id":"https:\/\/www.stockalperweg.ch\/fr\/stockalperweg-ouvert\/#primaryimage"},"image":{"@id":"https:\/\/www.stockalperweg.ch\/fr\/stockalperweg-ouvert\/#primaryimage"},"thumbnailUrl":"https:\/\/www.stockalperweg.ch\/wp-content\/uploads\/2022\/05\/28683833977_ceefd6f5b2_o-scaled.jpg","datePublished":"2022-06-01T07:42:48+00:00","dateModified":"2022-06-01T07:42:51+00:00","description":"L'itin\u00e9raire culturel tr\u00e8s appr\u00e9ci\u00e9 entre Brigue et Gondo sera praticable \u00e0 partir du 1er juin 2022.","breadcrumb":{"@id":"https:\/\/www.stockalperweg.ch\/fr\/stockalperweg-ouvert\/#breadcrumb"},"inLanguage":"fr-FR","potentialAction":[{"@type":"ReadAction","target":["https:\/\/www.stockalperweg.ch\/fr\/stockalperweg-ouvert\/"]}]},{"@type":"ImageObject","inLanguage":"fr-FR","@id":"https:\/\/www.stockalperweg.ch\/fr\/stockalperweg-ouvert\/#primaryimage","url":"https:\/\/www.stockalperweg.ch\/wp-content\/uploads\/2022\/05\/28683833977_ceefd6f5b2_o-scaled.jpg","contentUrl":"https:\/\/www.stockalperweg.ch\/wp-content\/uploads\/2022\/05\/28683833977_ceefd6f5b2_o-scaled.jpg","width":2560,"height":1920,"caption":"OLYMPUS DIGITAL CAMERA"},{"@type":"BreadcrumbList","@id":"https:\/\/www.stockalperweg.ch\/fr\/stockalperweg-ouvert\/#breadcrumb","itemListElement":[{"@type":"ListItem","position":1,"name":"Startseite","item":"https:\/\/www.stockalperweg.ch\/fr\/"},{"@type":"ListItem","position":2,"name":"Stockalperweg ouvert"}]},{"@type":"WebSite","@id":"https:\/\/www.stockalperweg.ch\/fr\/#website","url":"https:\/\/www.stockalperweg.ch\/fr\/","name":"Stockalperweg","description":"Der historische Wanderweg die ViaStockalper oder auch Stockalperweg f\u00fchrt von Brig nach Domodossola","publisher":{"@id":"https:\/\/www.stockalperweg.ch\/fr\/#organization"},"potentialAction":[{"@type":"SearchAction","target":{"@type":"EntryPoint","urlTemplate":"https:\/\/www.stockalperweg.ch\/fr\/?s={search_term_string}"},"query-input":{"@type":"PropertyValueSpecification","valueRequired":true,"valueName":"search_term_string"}}],"inLanguage":"fr-FR"},{"@type":"Organization","@id":"https:\/\/www.stockalperweg.ch\/fr\/#organization","name":"Stockalperweg","url":"https:\/\/www.stockalperweg.ch\/fr\/","logo":{"@type":"ImageObject","inLanguage":"fr-FR","@id":"https:\/\/www.stockalperweg.ch\/fr\/#\/schema\/logo\/image\/","url":"https:\/\/www.stockalperweg.ch\/wp-content\/uploads\/2020\/01\/logo-2.png","contentUrl":"https:\/\/www.stockalperweg.ch\/wp-content\/uploads\/2020\/01\/logo-2.png","width":400,"height":204,"caption":"Stockalperweg"},"image":{"@id":"https:\/\/www.stockalperweg.ch\/fr\/#\/schema\/logo\/image\/"},"sameAs":["https:\/\/www.facebook.com\/ViaStockalper","https:\/\/de.wikipedia.org\/wiki\/Via_Stockalper"]},{"@type":"Person","@id":"https:\/\/www.stockalperweg.ch\/fr\/#\/schema\/person\/ecbd10ef8064ff81b8bec942c06baa74","name":"Rebecca Imboden","image":{"@type":"ImageObject","inLanguage":"fr-FR","@id":"https:\/\/secure.gravatar.com\/avatar\/27b4698f1f7c53dea3b7bec33827ff47fb35e3014b51be966ba0afba929189d6?s=96&d=mm&r=g","url":"https:\/\/secure.gravatar.com\/avatar\/27b4698f1f7c53dea3b7bec33827ff47fb35e3014b51be966ba0afba929189d6?s=96&d=mm&r=g","contentUrl":"https:\/\/secure.gravatar.com\/avatar\/27b4698f1f7c53dea3b7bec33827ff47fb35e3014b51be966ba0afba929189d6?s=96&d=mm&r=g","caption":"Rebecca Imboden"},"url":"https:\/\/www.stockalperweg.ch\/fr\/author\/r-imboden\/"}]}},"_links":{"self":[{"href":"https:\/\/www.stockalperweg.ch\/fr\/wp-json\/wp\/v2\/posts\/3525","targetHints":{"allow":["GET"]}}],"collection":[{"href":"https:\/\/www.stockalperweg.ch\/fr\/wp-json\/wp\/v2\/posts"}],"about":[{"href":"https:\/\/www.stockalperweg.ch\/fr\/wp-json\/wp\/v2\/types\/post"}],"author":[{"embeddable":true,"href":"https:\/\/www.stockalperweg.ch\/fr\/wp-json\/wp\/v2\/users\/12"}],"replies":[{"embeddable":true,"href":"https:\/\/www.stockalperweg.ch\/fr\/wp-json\/wp\/v2\/comments?post=3525"}],"version-history":[{"count":2,"href":"https:\/\/www.stockalperweg.ch\/fr\/wp-json\/wp\/v2\/posts\/3525\/revisions"}],"predecessor-version":[{"id":3527,"href":"https:\/\/www.stockalperweg.ch\/fr\/wp-json\/wp\/v2\/posts\/3525\/revisions\/3527"}],"wp:featuredmedia":[{"embeddable":true,"href":"https:\/\/www.stockalperweg.ch\/fr\/wp-json\/wp\/v2\/media\/3512"}],"wp:attachment":[{"href":"https:\/\/www.stockalperweg.ch\/fr\/wp-json\/wp\/v2\/media?parent=3525"}],"wp:term":[{"taxonomy":"category","embeddable":true,"href":"https:\/\/www.stockalperweg.ch\/fr\/wp-json\/wp\/v2\/categories?post=3525"},{"taxonomy":"post_tag","embeddable":true,"href":"https:\/\/www.stockalperweg.ch\/fr\/wp-json\/wp\/v2\/tags?post=3525"}],"curies":[{"name":"wp","href":"https:\/\/api.w.org\/{rel}","templated":true}]}}