{"id":1951,"date":"2020-08-14T15:41:24","date_gmt":"2020-08-14T14:41:24","guid":{"rendered":"https:\/\/www.stockalperweg.ch\/wanderferien-in-der-schweiz\/"},"modified":"2020-08-20T13:48:27","modified_gmt":"2020-08-20T12:48:27","slug":"vacances-randonnee-suisse","status":"publish","type":"post","link":"https:\/\/www.stockalperweg.ch\/fr\/vacances-randonnee-suisse\/","title":{"rendered":"Vacances de randonn\u00e9e en Suisse"},"content":{"rendered":"<div   class='avia-fullscreen-slider main_color   avia-builder-el-0  el_before_av_section  avia-builder-el-first  container_wrap fullsize'  >\n<style type=\"text\/css\" data-created_by=\"avia_inline_auto\" id=\"style-css-av-k6aicesi-4597d9e5ea939c013e35d128c4049fc0\">\n#top #wrap_all .avia-slideshow .av-slideshow-caption.av-k6aicesi-4597d9e5ea939c013e35d128c4049fc0__0 .avia-caption-title{\nfont-size:55px;\n}\n#top .avia-slideshow .av-slideshow-caption.av-k6aicesi-4597d9e5ea939c013e35d128c4049fc0__0 .avia-caption-content{\nfont-size:35px;\n}\n#top .avia-slideshow .av-slideshow-caption.av-k6aicesi-4597d9e5ea939c013e35d128c4049fc0__0 .avia-caption-content p{\nfont-size:35px;\n}\n<\/style>\n<div  class='avia-slideshow av-k6aicesi-4597d9e5ea939c013e35d128c4049fc0 avia-slideshow-extra_large av_fullscreen avia-slide-slider av-slideshow-ui av-control-default av-slideshow-manual av-loop-once av-loop-manual-endless av-default-height-applied   avia-slideshow-1' data-slideshow-options=\"{&quot;animation&quot;:&quot;slide&quot;,&quot;autoplay&quot;:false,&quot;loop_autoplay&quot;:&quot;once&quot;,&quot;interval&quot;:5,&quot;loop_manual&quot;:&quot;manual-endless&quot;,&quot;autoplay_stopper&quot;:false,&quot;noNavigation&quot;:false,&quot;bg_slider&quot;:true,&quot;keep_padding&quot;:false,&quot;hoverpause&quot;:false,&quot;show_slide_delay&quot;:0,&quot;slide_height&quot;:&quot;100&quot;,&quot;image_attachment&quot;:&quot;&quot;}\"  itemprop=\"image\" itemscope=\"itemscope\" itemtype=\"https:\/\/schema.org\/ImageObject\" ><ul class='avia-slideshow-inner ' style='padding-bottom: 75.017543859649%;'><li style='background-position:center center;' data-img-url='https:\/\/www.stockalperweg.ch\/wp-content\/uploads\/2020\/01\/ViaStockalper-Saltina-Mittub\u00e4ch.jpg' class='avia-slideshow-slide av-k6aicesi-4597d9e5ea939c013e35d128c4049fc0__0  av-single-slide slide-1 slide-odd'><div data-rel='slideshow-1' class='avia-slide-wrap '   ><div class='av-slideshow-caption av-k6aicesi-4597d9e5ea939c013e35d128c4049fc0__0 caption_fullwidth caption_center'><div class=\"container caption_container\"><div class=\"slideshow_caption\"><div class=\"slideshow_inner_caption\"><div class=\"slideshow_align_caption\"><h2 class='avia-caption-title '  itemprop=\"name\" >Vacances de randonn\u00e9e en Suisse<\/h2><div class='avia-caption-content '  itemprop=\"description\" ><p>Sur le ViaStockalper par le col du Simplon<\/p>\n<\/div><\/div><\/div><\/div><\/div><\/div><\/div><\/li><\/ul><\/div><\/div>\n<div id='av_section_1'  class='avia-section av-12o3a-4576f840ae2aa32c1fbb5c651daac80b main_color avia-section-default avia-no-border-styling  avia-builder-el-1  el_after_av_fullscreen  el_before_av_slideshow_full  avia-bg-style-scroll container_wrap fullsize'  ><div class='container av-section-cont-open' ><div class='template-page content  av-content-full alpha units'><div class='post-entry post-entry-type-page post-entry-1951'><div class='entry-content-wrapper clearfix'>\n\n<style type=\"text\/css\" data-created_by=\"avia_inline_auto\" id=\"style-css-av-6odnw-3822af0bb3efbc4560c1e1a67828d80d\">\n.flex_column.av-6odnw-3822af0bb3efbc4560c1e1a67828d80d{\nborder-radius:0px 0px 0px 0px;\npadding:0px 0px 0px 0px;\n}\n<\/style>\n<div  class='flex_column av-6odnw-3822af0bb3efbc4560c1e1a67828d80d av_one_full  avia-builder-el-2  el_before_av_one_fifth  avia-builder-el-first  first flex_column_div av-zero-column-padding  '     ><section  class='av_textblock_section av-k5fil8vs-2cca9bad2ed9b35a065fcd15dd8f1262 '   itemscope=\"itemscope\" itemtype=\"https:\/\/schema.org\/BlogPosting\" itemprop=\"blogPost\" ><div class='avia_textblock'  itemprop=\"text\" ><h2>Vacances de randonn\u00e9e en Suisse<\/h2>\n<p>Le paquet ViaStockalper de Brigue \u00e0 Gondo avec transport de bagages existe d\u00e9j\u00e0 depuis de nombreuses ann\u00e9es. La randonn\u00e9e de la ville du Simplon \u00e0 la ville frontali\u00e8re suisse de Gondo a pu \u00eatre effectu\u00e9e ais\u00e9ment en trois jours. Cependant, de nombreux randonneurs ne veulent pas terminer leur voyage \u00e0 Gondo, comme c&rsquo;\u00e9tait d\u00e9j\u00e0 le cas \u00e0 l&rsquo;\u00e9poque de Stockalper, mais plut\u00f4t marcher jusqu&rsquo;\u00e0 Domodossola.<\/p>\n<p>Depuis 2020, nous proposons une randonn\u00e9e transfrontali\u00e8re sur le chemin du Stockalper jusqu&rsquo;\u00e0 Domodossola. Gr\u00e2ce \u00e0 la coop\u00e9ration des r\u00e9gions touristiques de Brig Simplon, Bognanco et Domodossola, vos bagages seront transport\u00e9s d&rsquo;h\u00f4tel en h\u00f4tel, \u00e9galement en Italie.<\/p>\n<\/div><\/section><\/div>\n<style type=\"text\/css\" data-created_by=\"avia_inline_auto\" id=\"style-css-av-1t1f0e-cc1f5c1232f838689af5e5638cfed1b9\">\n.flex_column.av-1t1f0e-cc1f5c1232f838689af5e5638cfed1b9{\nborder-radius:0px 0px 0px 0px;\npadding:0px 0px 0px 0px;\n}\n<\/style>\n<div  class='flex_column av-1t1f0e-cc1f5c1232f838689af5e5638cfed1b9 av_one_fifth  avia-builder-el-4  el_after_av_one_full  el_before_av_one_fifth  first flex_column_div av-zero-column-padding  column-top-margin'     ><style type=\"text\/css\" data-created_by=\"avia_inline_auto\" id=\"style-css-av-k6alqzns-5410179dbf6f081febe84938d7cfbcb2\">\n.av_font_icon.av-k6alqzns-5410179dbf6f081febe84938d7cfbcb2 .av-icon-char{\nfont-size:40px;\nline-height:40px;\nwidth:40px;\n}\n<\/style>\n<span  class='av_font_icon av-k6alqzns-5410179dbf6f081febe84938d7cfbcb2 avia_animate_when_visible av-icon-style-border avia-icon-pos-left avia-iconfont avia-font-entypo-fontello av-no-color avia-icon-animate'><span class='av-icon-char' data-av_icon='\ue841' data-av_iconfont='entypo-fontello' aria-hidden=\"true\" ><\/span><span class='av_icon_caption av-special-font'>65 km sentier p\u00e9destre<\/span><\/span><\/div>\n<style type=\"text\/css\" data-created_by=\"avia_inline_auto\" id=\"style-css-av-1nb4ba-091dd6b40b41defb39d3f8be777f84ff\">\n.flex_column.av-1nb4ba-091dd6b40b41defb39d3f8be777f84ff{\nborder-radius:0px 0px 0px 0px;\npadding:0px 0px 0px 0px;\n}\n<\/style>\n<div  class='flex_column av-1nb4ba-091dd6b40b41defb39d3f8be777f84ff av_one_fifth  avia-builder-el-6  el_after_av_one_fifth  el_before_av_one_fifth  flex_column_div av-zero-column-padding  column-top-margin'     ><style type=\"text\/css\" data-created_by=\"avia_inline_auto\" id=\"style-css-av-k6alqzns-254b19f65b3e20bcf134c87968c4788b\">\n.av_font_icon.av-k6alqzns-254b19f65b3e20bcf134c87968c4788b .av-icon-char{\nfont-size:40px;\nline-height:40px;\nwidth:40px;\n}\n<\/style>\n<span  class='av_font_icon av-k6alqzns-254b19f65b3e20bcf134c87968c4788b avia_animate_when_visible av-icon-style-border avia-icon-pos-left avia-iconfont avia-font-entypo-fontello av-no-color avia-icon-animate'><span class='av-icon-char' data-av_icon='\ue821' data-av_iconfont='entypo-fontello' aria-hidden=\"true\" ><\/span><span class='av_icon_caption av-special-font'>5 nuit\u00e9es<\/span><\/span><\/div>\n<style type=\"text\/css\" data-created_by=\"avia_inline_auto\" id=\"style-css-av-1gsmye-e13e498a2cac8648e9884231083daf24\">\n.flex_column.av-1gsmye-e13e498a2cac8648e9884231083daf24{\nborder-radius:0px 0px 0px 0px;\npadding:0px 0px 0px 0px;\n}\n<\/style>\n<div  class='flex_column av-1gsmye-e13e498a2cac8648e9884231083daf24 av_one_fifth  avia-builder-el-8  el_after_av_one_fifth  el_before_av_one_fifth  flex_column_div av-zero-column-padding  column-top-margin'     ><style type=\"text\/css\" data-created_by=\"avia_inline_auto\" id=\"style-css-av-k6alqzns-f4dde5714a3927f359c55f741141b007\">\n.av_font_icon.av-k6alqzns-f4dde5714a3927f359c55f741141b007 .av-icon-char{\nfont-size:40px;\nline-height:40px;\nwidth:40px;\n}\n<\/style>\n<span  class='av_font_icon av-k6alqzns-f4dde5714a3927f359c55f741141b007 avia_animate_when_visible av-icon-style-border avia-icon-pos-left avia-iconfont avia-font-fontello av-no-color avia-icon-animate'><span class='av-icon-char' data-av_icon='\uf0f5' data-av_iconfont='fontello' aria-hidden=\"true\" ><\/span><span class='av_icon_caption av-special-font'>Ravitaillement du lendemain<\/span><\/span><\/div>\n<style type=\"text\/css\" data-created_by=\"avia_inline_auto\" id=\"style-css-av-188f9y-5d87c6a6b06859a9e166ab8a2bdfd295\">\n.flex_column.av-188f9y-5d87c6a6b06859a9e166ab8a2bdfd295{\nborder-radius:0px 0px 0px 0px;\npadding:0px 0px 0px 0px;\n}\n<\/style>\n<div  class='flex_column av-188f9y-5d87c6a6b06859a9e166ab8a2bdfd295 av_one_fifth  avia-builder-el-10  el_after_av_one_fifth  el_before_av_one_fifth  flex_column_div av-zero-column-padding  column-top-margin'     ><style type=\"text\/css\" data-created_by=\"avia_inline_auto\" id=\"style-css-av-k6alqzns-5f8b000de245dd01d5d1623a318cc1b5\">\n.av_font_icon.av-k6alqzns-5f8b000de245dd01d5d1623a318cc1b5 .av-icon-char{\nfont-size:40px;\nline-height:40px;\nwidth:40px;\n}\n<\/style>\n<span  class='av_font_icon av-k6alqzns-5f8b000de245dd01d5d1623a318cc1b5 avia_animate_when_visible av-icon-style-border avia-icon-pos-left avia-iconfont avia-font-entypo-fontello av-no-color avia-icon-animate'><span class='av-icon-char' data-av_icon='\ue8bc' data-av_iconfont='entypo-fontello' aria-hidden=\"true\" ><\/span><span class='av_icon_caption av-special-font'>Transport de bagages<\/span><\/span><\/div>\n<style type=\"text\/css\" data-created_by=\"avia_inline_auto\" id=\"style-css-av-11b0vq-db9e716108c5295d757ff79025d1c8ea\">\n.flex_column.av-11b0vq-db9e716108c5295d757ff79025d1c8ea{\nborder-radius:0px 0px 0px 0px;\npadding:0px 0px 0px 0px;\n}\n<\/style>\n<div  class='flex_column av-11b0vq-db9e716108c5295d757ff79025d1c8ea av_one_fifth  avia-builder-el-12  el_after_av_one_fifth  avia-builder-el-last  flex_column_div av-zero-column-padding  column-top-margin'     ><article  class='iconbox iconbox_left av-k6alnrg1-96b191c5bfd122b670d6d0185c0143d9  avia-builder-el-13  avia-builder-el-no-sibling '  itemscope=\"itemscope\" itemtype=\"https:\/\/schema.org\/BlogPosting\" itemprop=\"blogPost\" ><div class=\"iconbox_content\"><header class=\"entry-content-header\" aria-label=\"Ic\u00f4ne : Un plaisir de vous conseiller\"><div class='iconbox_icon heading-color avia-iconfont avia-font-entypo-fontello' data-av_icon='' data-av_iconfont='entypo-fontello'  ><\/div><h3 class='iconbox_content_title '  itemprop=\"headline\" >Un plaisir de vous conseiller<\/h3><\/header><div class='iconbox_content_container '  itemprop=\"text\" ><p><a href=\"tel:+41 27 921 60 30\">+41 27 921 60 30<\/a><\/p>\n<p><a href=\"&#x6d;&#97;&#x69;&#x6c;&#116;&#x6f;&#58;i&#x6e;&#102;o&#x40;&#115;t&#x6f;&#99;k&#x61;&#108;&#x70;&#x65;&#114;&#x77;&#x65;&#103;&#x2e;&#99;h\">&#105;n&#x66;o&#x40;s&#x74;o&#x63;&#107;&#x61;&#108;&#x70;&#101;&#x72;&#119;e&#103;&#46;&#x63;h<\/a><\/p>\n<div  class='avia-button-wrap av-wnqi6-8f9179a0c8e34346691cfb83c4a33b35-wrap avia-button-left  avia-builder-el-14  avia-builder-el-no-sibling '><a href='https:\/\/www.stockalperweg.ch\/fr\/offres\/demander\/'  class='avia-button av-wnqi6-8f9179a0c8e34346691cfb83c4a33b35 av-link-btn avia-icon_select-yes-left-icon avia-size-small avia-position-left avia-color-theme-color'   aria-label=\"Formulaire de demande\"><span class='avia_button_icon avia_button_icon_left avia-iconfont avia-font-entypo-fontello' data-av_icon='\ue837' data-av_iconfont='entypo-fontello' ><\/span><span class='avia_iconbox_title' >Formulaire de demande<\/span><\/a><\/div>\n<\/div><\/div><footer class=\"entry-footer\"><\/footer><\/article><\/div>\n\n<\/div><\/div><\/div><!-- close content main div --><\/div><\/div><div id='full_slider_1'  class='avia-fullwidth-slider main_color avia-shadow   avia-builder-el-15  el_after_av_section  el_before_av_section   slider-not-first container_wrap fullsize'  ><div  class='avia-slideshow av-k6ak3d5a-9f91a190ed3ade894f36036b2f28581f avia-slideshow-featured av_slideshow_full avia-slide-slider av-slideshow-ui av-control-default av-slideshow-manual av-loop-once av-loop-manual-endless av-default-height-applied   avia-slideshow-2' data-slideshow-options=\"{&quot;animation&quot;:&quot;slide&quot;,&quot;autoplay&quot;:false,&quot;loop_autoplay&quot;:&quot;once&quot;,&quot;interval&quot;:5,&quot;loop_manual&quot;:&quot;manual-endless&quot;,&quot;autoplay_stopper&quot;:false,&quot;noNavigation&quot;:false,&quot;bg_slider&quot;:false,&quot;keep_padding&quot;:false,&quot;hoverpause&quot;:false,&quot;show_slide_delay&quot;:0}\"  itemprop=\"image\" itemscope=\"itemscope\" itemtype=\"https:\/\/schema.org\/ImageObject\" ><ul class='avia-slideshow-inner ' style='padding-bottom: 28.666666666667%;'><li  class='avia-slideshow-slide av-k6ak3d5a-9f91a190ed3ade894f36036b2f28581f__0  av-single-slide slide-1 slide-odd'><div data-rel='slideshow-2' class='avia-slide-wrap '   ><img decoding=\"async\" fetchpriority=\"high\" class=\"wp-image-333 avia-img-lazy-loading-not-333\"  src=\"https:\/\/www.stockalperweg.ch\/wp-content\/uploads\/2020\/01\/Stockalperweg_ViaStockalper-4-1500x430.jpg\" width=\"1500\" height=\"430\" title='Stockalperweg_ViaStockalper (4)' alt='Stockalperweg Monscerapass im Zwischbergental'  itemprop=\"thumbnailUrl\"   \/><\/div><\/li><\/ul><\/div><\/div>\n<div id='av_section_2'  class='avia-section av-12o3a-4576f840ae2aa32c1fbb5c651daac80b main_color avia-section-default avia-no-border-styling  avia-builder-el-16  el_after_av_slideshow_full  el_before_av_button  avia-bg-style-scroll container_wrap fullsize'  ><div class='container av-section-cont-open' ><div class='template-page content  av-content-full alpha units'><div class='post-entry post-entry-type-page post-entry-1951'><div class='entry-content-wrapper clearfix'>\n\n<style type=\"text\/css\" data-created_by=\"avia_inline_auto\" id=\"style-css-av-neid2-db5032471df2c34063dfc25611f4e3cf\">\n.flex_column.av-neid2-db5032471df2c34063dfc25611f4e3cf{\nborder-radius:0px 0px 0px 0px;\npadding:0px 0px 0px 0px;\n}\n<\/style>\n<div  class='flex_column av-neid2-db5032471df2c34063dfc25611f4e3cf av_one_third  avia-builder-el-17  el_before_av_two_third  avia-builder-el-first  first flex_column_div av-zero-column-padding  '     ><style type=\"text\/css\" data-created_by=\"avia_inline_auto\" id=\"style-css-av-k6akoxv5-65e0828cab8a772b022792431abf49f9\">\n.avia-image-container.av-k6akoxv5-65e0828cab8a772b022792431abf49f9 img.avia_image{\nbox-shadow:none;\n}\n.avia-image-container.av-k6akoxv5-65e0828cab8a772b022792431abf49f9 .av-image-caption-overlay-center{\ncolor:#ffffff;\n}\n<\/style>\n<div  class='avia-image-container av-k6akoxv5-65e0828cab8a772b022792431abf49f9 av-styling- avia-align-center  avia-builder-el-18  avia-builder-el-no-sibling '   itemprop=\"image\" itemscope=\"itemscope\" itemtype=\"https:\/\/schema.org\/ImageObject\" ><div class=\"avia-image-container-inner\"><div class=\"avia-image-overlay-wrap\"><img decoding=\"async\" fetchpriority=\"high\" class='wp-image-736 avia-img-lazy-loading-not-736 avia_image ' src=\"https:\/\/www.stockalperweg.ch\/wp-content\/uploads\/2020\/02\/Alter-Spittel-Stockalpertrum-Simplonpass-687x1030.jpg\" alt='Alter Spittel - Stockalpertrum Simplonpass' title='Alter Spittel - Stockalpertrum Simplonpass'  height=\"1030\" width=\"687\"  itemprop=\"thumbnailUrl\" srcset=\"https:\/\/www.stockalperweg.ch\/wp-content\/uploads\/2020\/02\/Alter-Spittel-Stockalpertrum-Simplonpass-687x1030.jpg 687w, https:\/\/www.stockalperweg.ch\/wp-content\/uploads\/2020\/02\/Alter-Spittel-Stockalpertrum-Simplonpass-600x900.jpg 600w, https:\/\/www.stockalperweg.ch\/wp-content\/uploads\/2020\/02\/Alter-Spittel-Stockalpertrum-Simplonpass-200x300.jpg 200w, https:\/\/www.stockalperweg.ch\/wp-content\/uploads\/2020\/02\/Alter-Spittel-Stockalpertrum-Simplonpass-768x1152.jpg 768w, https:\/\/www.stockalperweg.ch\/wp-content\/uploads\/2020\/02\/Alter-Spittel-Stockalpertrum-Simplonpass-470x705.jpg 470w, https:\/\/www.stockalperweg.ch\/wp-content\/uploads\/2020\/02\/Alter-Spittel-Stockalpertrum-Simplonpass.jpg 1000w\" sizes=\"(max-width: 687px) 100vw, 687px\" \/><\/div><\/div><\/div><\/div>\n<style type=\"text\/css\" data-created_by=\"avia_inline_auto\" id=\"style-css-av-di3ce-3f9048e20f0c41a1a1c801db51311be8\">\n.flex_column.av-di3ce-3f9048e20f0c41a1a1c801db51311be8{\nborder-radius:0px 0px 0px 0px;\npadding:0px 0px 0px 0px;\n}\n<\/style>\n<div  class='flex_column av-di3ce-3f9048e20f0c41a1a1c801db51311be8 av_two_third  avia-builder-el-19  el_after_av_one_third  avia-builder-el-last  flex_column_div av-zero-column-padding  '     ><section  class='av_textblock_section av-k5fil8vs-2cca9bad2ed9b35a065fcd15dd8f1262 '   itemscope=\"itemscope\" itemtype=\"https:\/\/schema.org\/BlogPosting\" itemprop=\"blogPost\" ><div class='avia_textblock'  itemprop=\"text\" ><h3>Sentier muletier historique pour vos vacances de randonn\u00e9e<\/h3>\n<p>Le circuit de trois jours se transforme en randonn\u00e9e d&rsquo;une semaine. En cinq \u00e9tapes, vous marchez de Brigue au col du Simplon, en passant par la vall\u00e9e de Zwischbergen au romantisme sauvage, par le col de Monscera dans le Val Bognanco et jusqu&rsquo;\u00e0 Domodossola.<\/p>\n<p>\n<style type=\"text\/css\" data-created_by=\"avia_inline_auto\" id=\"style-css-av-8mc6m-b4323708e777e5e5805a60305df3e138\">\n.av_font_icon.av-8mc6m-b4323708e777e5e5805a60305df3e138 .av-icon-char{\nfont-size:30px;\nline-height:30px;\n}\n<\/style>\n<span  class='av_font_icon av-8mc6m-b4323708e777e5e5805a60305df3e138 avia_animate_when_visible av-icon-style- avia-icon-pos-left avia-iconfont avia-font-entypo-fontello av-no-color avia-icon-animate'><span class='av-icon-char' data-av_icon='\ue841' data-av_iconfont='entypo-fontello' aria-hidden=\"true\" ><\/span><\/span><a href=\"https:\/\/www.stockalperweg.ch\/fr\/viastockalper\/\">Description de sentier<\/a><\/p>\n<p>\u00c0 Domodossola, il n&rsquo;y a pas que le populaire march\u00e9 hebdomadaire qui attend d&rsquo;\u00eatre d\u00e9couvert. Vous devriez \u00e9galement visiter le Sacro Monte Calvario (un site du patrimoine mondial de l&rsquo;UNESCO). Il t\u00e9moigne encore de l&rsquo;importance qu&rsquo;avait Stockalper \u00e0 l&rsquo;\u00e9poque.<\/p>\n<p>Nous recommandons \u00e0 nos h\u00f4tes de planifier leur voyage de mani\u00e8re \u00e0 arriver \u00e0 Domodossola le vendredi soir et \u00e0 y passer une nuit suppl\u00e9mentaire. Vous aurez ainsi l&rsquo;occasion d&rsquo;explorer la ville, de visiter les sites historiques en toute tranquillit\u00e9 et de profiter du flair italien sur la Piazza Mercato. Le samedi, vous serez pr\u00eats \u00e0 partir et apr\u00e8s un petit d\u00e9jeuner, vous serez les premiers \u00e0 pouvoir profiter du march\u00e9 de la vieille ville de Domodossola.<\/p>\n<p>Bien s\u00fbr, nos invit\u00e9s peuvent toujours opter pour la version courte de Brig-Gondo (ou vice versa).<\/p>\n<p>Le chemin du Stockalper vous attend avec impatience pour vos vacances de randonn\u00e9e en Suisse.<\/p>\n<p>Vous pouvez lire des t\u00e9moignages d&rsquo;invit\u00e9s sur <a href=\"https:\/\/fr.tripadvisor.ch\/Attraction_Review-g198801-d11787992-Reviews-ViaStockalper_Stockalpertrail-Brig_Canton_of_Valais_Swiss_Alps.html\" target=\"_blank\" rel=\"noopener noreferrer\">TripAdvisor.<\/a><\/p>\n<\/div><\/section><br \/>\n<\/p><\/div>\n<\/div><\/div><\/div><!-- close content main div --><\/div><\/div><div id='after_section_2'  class='main_color av_default_container_wrap container_wrap fullsize'  ><div class='container av-section-cont-open' ><div class='template-page content  av-content-full alpha units'><div class='post-entry post-entry-type-page post-entry-1951'><div class='entry-content-wrapper clearfix'>\n<div  class='avia-button-wrap av-kdh63ig6-03874359d4f44a4c8136b6abf3ae233e-wrap avia-button-center  avia-builder-el-23  el_after_av_section  avia-builder-el-no-sibling '><a href='https:\/\/www.stockalperweg.ch\/fr\/nouvelles\/'  class='avia-button av-kdh63ig6-03874359d4f44a4c8136b6abf3ae233e av-link-btn avia-icon_select-yes-left-icon avia-size-small avia-position-center avia-color-theme-color'   aria-label=\"zur\u00fcck\"><span class='avia_button_icon avia_button_icon_left avia-iconfont avia-font-entypo-fontello' data-av_icon='\ue830' data-av_iconfont='entypo-fontello' ><\/span><span class='avia_iconbox_title' >zur\u00fcck<\/span><\/a><\/div>\n","protected":false},"excerpt":{"rendered":"<p>R\u00e9servez des vacances de randonn\u00e9e sur le chemin du Stockalper de la Suisse \u00e0 l&rsquo;Italie. Vivez une exp\u00e9rience inoubliable et profitez de la nature.<\/p>\n","protected":false},"author":7,"featured_media":693,"comment_status":"closed","ping_status":"open","sticky":false,"template":"","format":"standard","meta":{"footnotes":""},"categories":[26],"tags":[27],"class_list":["post-1951","post","type-post","status-publish","format-standard","has-post-thumbnail","hentry","category-stockalperweg-fr","tag-wanderferien-fr"],"yoast_head":"<!-- This site is optimized with the Yoast SEO plugin v27.5 - https:\/\/yoast.com\/product\/yoast-seo-wordpress\/ -->\n<title>Vacances de randonn\u00e9e en Suisse - sur le chemin du Stockalper<\/title>\n<meta name=\"description\" content=\"Pendant vos vacances de randonn\u00e9e entre la Suisse et l&#039;Italie, vous apprendrez \u00e0 conna\u00eetre l&#039;histoire du Simplon.\" \/>\n<meta name=\"robots\" content=\"index, follow, max-snippet:-1, max-image-preview:large, max-video-preview:-1\" \/>\n<link rel=\"canonical\" href=\"https:\/\/www.stockalperweg.ch\/fr\/vacances-randonnee-suisse\/\" \/>\n<meta property=\"og:locale\" content=\"fr_FR\" \/>\n<meta property=\"og:type\" content=\"article\" \/>\n<meta property=\"og:title\" content=\"Vacances de randonn\u00e9e en Suisse - sur le chemin du Stockalper\" \/>\n<meta property=\"og:description\" content=\"Pendant vos vacances de randonn\u00e9e entre la Suisse et l&#039;Italie, vous apprendrez \u00e0 conna\u00eetre l&#039;histoire du Simplon.\" \/>\n<meta property=\"og:url\" content=\"https:\/\/www.stockalperweg.ch\/fr\/vacances-randonnee-suisse\/\" \/>\n<meta property=\"og:site_name\" content=\"Stockalperweg\" \/>\n<meta property=\"article:publisher\" content=\"https:\/\/www.facebook.com\/ViaStockalper\" \/>\n<meta property=\"article:published_time\" content=\"2020-08-14T14:41:24+00:00\" \/>\n<meta property=\"article:modified_time\" content=\"2020-08-20T12:48:27+00:00\" \/>\n<meta property=\"og:image\" content=\"https:\/\/www.stockalperweg.ch\/wp-content\/uploads\/2020\/01\/ViaStockalper-Saltina-Mittub\u00e4ch.jpg\" \/>\n\t<meta property=\"og:image:width\" content=\"1425\" \/>\n\t<meta property=\"og:image:height\" content=\"1069\" \/>\n\t<meta property=\"og:image:type\" content=\"image\/jpeg\" \/>\n<meta name=\"author\" content=\"info@stockalperweg.ch\" \/>\n<meta name=\"twitter:card\" content=\"summary_large_image\" \/>\n<meta name=\"twitter:label1\" content=\"\u00c9crit par\" \/>\n\t<meta name=\"twitter:data1\" content=\"info@stockalperweg.ch\" \/>\n\t<meta name=\"twitter:label2\" content=\"Dur\u00e9e de lecture estim\u00e9e\" \/>\n\t<meta name=\"twitter:data2\" content=\"13 minutes\" \/>\n<script type=\"application\/ld+json\" class=\"yoast-schema-graph\">{\"@context\":\"https:\\\/\\\/schema.org\",\"@graph\":[{\"@type\":\"Article\",\"@id\":\"https:\\\/\\\/www.stockalperweg.ch\\\/fr\\\/vacances-randonnee-suisse\\\/#article\",\"isPartOf\":{\"@id\":\"https:\\\/\\\/www.stockalperweg.ch\\\/fr\\\/vacances-randonnee-suisse\\\/\"},\"author\":{\"name\":\"info@stockalperweg.ch\",\"@id\":\"https:\\\/\\\/www.stockalperweg.ch\\\/fr\\\/#\\\/schema\\\/person\\\/4ec71d7e67a65057fa0b6a19d41828cf\"},\"headline\":\"Vacances de randonn\u00e9e en Suisse\",\"datePublished\":\"2020-08-14T14:41:24+00:00\",\"dateModified\":\"2020-08-20T12:48:27+00:00\",\"mainEntityOfPage\":{\"@id\":\"https:\\\/\\\/www.stockalperweg.ch\\\/fr\\\/vacances-randonnee-suisse\\\/\"},\"wordCount\":2519,\"publisher\":{\"@id\":\"https:\\\/\\\/www.stockalperweg.ch\\\/fr\\\/#organization\"},\"image\":{\"@id\":\"https:\\\/\\\/www.stockalperweg.ch\\\/fr\\\/vacances-randonnee-suisse\\\/#primaryimage\"},\"thumbnailUrl\":\"https:\\\/\\\/www.stockalperweg.ch\\\/wp-content\\\/uploads\\\/2020\\\/01\\\/ViaStockalper-Saltina-Mittub\u00e4ch.jpg\",\"keywords\":[\"Wanderferien\"],\"articleSection\":[\"Stockalperweg\"],\"inLanguage\":\"fr-FR\"},{\"@type\":\"WebPage\",\"@id\":\"https:\\\/\\\/www.stockalperweg.ch\\\/fr\\\/vacances-randonnee-suisse\\\/\",\"url\":\"https:\\\/\\\/www.stockalperweg.ch\\\/fr\\\/vacances-randonnee-suisse\\\/\",\"name\":\"Vacances de randonn\u00e9e en Suisse - sur le chemin du Stockalper\",\"isPartOf\":{\"@id\":\"https:\\\/\\\/www.stockalperweg.ch\\\/fr\\\/#website\"},\"primaryImageOfPage\":{\"@id\":\"https:\\\/\\\/www.stockalperweg.ch\\\/fr\\\/vacances-randonnee-suisse\\\/#primaryimage\"},\"image\":{\"@id\":\"https:\\\/\\\/www.stockalperweg.ch\\\/fr\\\/vacances-randonnee-suisse\\\/#primaryimage\"},\"thumbnailUrl\":\"https:\\\/\\\/www.stockalperweg.ch\\\/wp-content\\\/uploads\\\/2020\\\/01\\\/ViaStockalper-Saltina-Mittub\u00e4ch.jpg\",\"datePublished\":\"2020-08-14T14:41:24+00:00\",\"dateModified\":\"2020-08-20T12:48:27+00:00\",\"description\":\"Pendant vos vacances de randonn\u00e9e entre la Suisse et l'Italie, vous apprendrez \u00e0 conna\u00eetre l'histoire du Simplon.\",\"breadcrumb\":{\"@id\":\"https:\\\/\\\/www.stockalperweg.ch\\\/fr\\\/vacances-randonnee-suisse\\\/#breadcrumb\"},\"inLanguage\":\"fr-FR\",\"potentialAction\":[{\"@type\":\"ReadAction\",\"target\":[\"https:\\\/\\\/www.stockalperweg.ch\\\/fr\\\/vacances-randonnee-suisse\\\/\"]}]},{\"@type\":\"ImageObject\",\"inLanguage\":\"fr-FR\",\"@id\":\"https:\\\/\\\/www.stockalperweg.ch\\\/fr\\\/vacances-randonnee-suisse\\\/#primaryimage\",\"url\":\"https:\\\/\\\/www.stockalperweg.ch\\\/wp-content\\\/uploads\\\/2020\\\/01\\\/ViaStockalper-Saltina-Mittub\u00e4ch.jpg\",\"contentUrl\":\"https:\\\/\\\/www.stockalperweg.ch\\\/wp-content\\\/uploads\\\/2020\\\/01\\\/ViaStockalper-Saltina-Mittub\u00e4ch.jpg\",\"width\":1425,\"height\":1069,\"caption\":\"ViaStockalper Saltina Taferna Mittub\u00e4ch\"},{\"@type\":\"BreadcrumbList\",\"@id\":\"https:\\\/\\\/www.stockalperweg.ch\\\/fr\\\/vacances-randonnee-suisse\\\/#breadcrumb\",\"itemListElement\":[{\"@type\":\"ListItem\",\"position\":1,\"name\":\"Startseite\",\"item\":\"https:\\\/\\\/www.stockalperweg.ch\\\/fr\\\/\"},{\"@type\":\"ListItem\",\"position\":2,\"name\":\"Vacances de randonn\u00e9e en Suisse\"}]},{\"@type\":\"WebSite\",\"@id\":\"https:\\\/\\\/www.stockalperweg.ch\\\/fr\\\/#website\",\"url\":\"https:\\\/\\\/www.stockalperweg.ch\\\/fr\\\/\",\"name\":\"Stockalperweg\",\"description\":\"Der historische Wanderweg die ViaStockalper oder auch Stockalperweg f\u00fchrt von Brig nach Domodossola\",\"publisher\":{\"@id\":\"https:\\\/\\\/www.stockalperweg.ch\\\/fr\\\/#organization\"},\"potentialAction\":[{\"@type\":\"SearchAction\",\"target\":{\"@type\":\"EntryPoint\",\"urlTemplate\":\"https:\\\/\\\/www.stockalperweg.ch\\\/fr\\\/?s={search_term_string}\"},\"query-input\":{\"@type\":\"PropertyValueSpecification\",\"valueRequired\":true,\"valueName\":\"search_term_string\"}}],\"inLanguage\":\"fr-FR\"},{\"@type\":\"Organization\",\"@id\":\"https:\\\/\\\/www.stockalperweg.ch\\\/fr\\\/#organization\",\"name\":\"Stockalperweg\",\"url\":\"https:\\\/\\\/www.stockalperweg.ch\\\/fr\\\/\",\"logo\":{\"@type\":\"ImageObject\",\"inLanguage\":\"fr-FR\",\"@id\":\"https:\\\/\\\/www.stockalperweg.ch\\\/fr\\\/#\\\/schema\\\/logo\\\/image\\\/\",\"url\":\"https:\\\/\\\/www.stockalperweg.ch\\\/wp-content\\\/uploads\\\/2020\\\/01\\\/logo-2.png\",\"contentUrl\":\"https:\\\/\\\/www.stockalperweg.ch\\\/wp-content\\\/uploads\\\/2020\\\/01\\\/logo-2.png\",\"width\":400,\"height\":204,\"caption\":\"Stockalperweg\"},\"image\":{\"@id\":\"https:\\\/\\\/www.stockalperweg.ch\\\/fr\\\/#\\\/schema\\\/logo\\\/image\\\/\"},\"sameAs\":[\"https:\\\/\\\/www.facebook.com\\\/ViaStockalper\",\"https:\\\/\\\/de.wikipedia.org\\\/wiki\\\/Via_Stockalper\"]},{\"@type\":\"Person\",\"@id\":\"https:\\\/\\\/www.stockalperweg.ch\\\/fr\\\/#\\\/schema\\\/person\\\/4ec71d7e67a65057fa0b6a19d41828cf\",\"name\":\"info@stockalperweg.ch\",\"image\":{\"@type\":\"ImageObject\",\"inLanguage\":\"fr-FR\",\"@id\":\"https:\\\/\\\/secure.gravatar.com\\\/avatar\\\/1ecf8343727745e479f3b472fefb879d44b080287598d7633c7412ddd969d81b?s=96&d=mm&r=g\",\"url\":\"https:\\\/\\\/secure.gravatar.com\\\/avatar\\\/1ecf8343727745e479f3b472fefb879d44b080287598d7633c7412ddd969d81b?s=96&d=mm&r=g\",\"contentUrl\":\"https:\\\/\\\/secure.gravatar.com\\\/avatar\\\/1ecf8343727745e479f3b472fefb879d44b080287598d7633c7412ddd969d81b?s=96&d=mm&r=g\",\"caption\":\"info@stockalperweg.ch\"},\"url\":\"https:\\\/\\\/www.stockalperweg.ch\\\/fr\\\/author\\\/infostockalperweg-ch\\\/\"}]}<\/script>\n<!-- \/ Yoast SEO plugin. -->","yoast_head_json":{"title":"Vacances de randonn\u00e9e en Suisse - sur le chemin du Stockalper","description":"Pendant vos vacances de randonn\u00e9e entre la Suisse et l'Italie, vous apprendrez \u00e0 conna\u00eetre l'histoire du Simplon.","robots":{"index":"index","follow":"follow","max-snippet":"max-snippet:-1","max-image-preview":"max-image-preview:large","max-video-preview":"max-video-preview:-1"},"canonical":"https:\/\/www.stockalperweg.ch\/fr\/vacances-randonnee-suisse\/","og_locale":"fr_FR","og_type":"article","og_title":"Vacances de randonn\u00e9e en Suisse - sur le chemin du Stockalper","og_description":"Pendant vos vacances de randonn\u00e9e entre la Suisse et l'Italie, vous apprendrez \u00e0 conna\u00eetre l'histoire du Simplon.","og_url":"https:\/\/www.stockalperweg.ch\/fr\/vacances-randonnee-suisse\/","og_site_name":"Stockalperweg","article_publisher":"https:\/\/www.facebook.com\/ViaStockalper","article_published_time":"2020-08-14T14:41:24+00:00","article_modified_time":"2020-08-20T12:48:27+00:00","og_image":[{"width":1425,"height":1069,"url":"https:\/\/www.stockalperweg.ch\/wp-content\/uploads\/2020\/01\/ViaStockalper-Saltina-Mittub\u00e4ch.jpg","type":"image\/jpeg"}],"author":"info@stockalperweg.ch","twitter_card":"summary_large_image","twitter_misc":{"\u00c9crit par":"info@stockalperweg.ch","Dur\u00e9e de lecture estim\u00e9e":"13 minutes"},"schema":{"@context":"https:\/\/schema.org","@graph":[{"@type":"Article","@id":"https:\/\/www.stockalperweg.ch\/fr\/vacances-randonnee-suisse\/#article","isPartOf":{"@id":"https:\/\/www.stockalperweg.ch\/fr\/vacances-randonnee-suisse\/"},"author":{"name":"info@stockalperweg.ch","@id":"https:\/\/www.stockalperweg.ch\/fr\/#\/schema\/person\/4ec71d7e67a65057fa0b6a19d41828cf"},"headline":"Vacances de randonn\u00e9e en Suisse","datePublished":"2020-08-14T14:41:24+00:00","dateModified":"2020-08-20T12:48:27+00:00","mainEntityOfPage":{"@id":"https:\/\/www.stockalperweg.ch\/fr\/vacances-randonnee-suisse\/"},"wordCount":2519,"publisher":{"@id":"https:\/\/www.stockalperweg.ch\/fr\/#organization"},"image":{"@id":"https:\/\/www.stockalperweg.ch\/fr\/vacances-randonnee-suisse\/#primaryimage"},"thumbnailUrl":"https:\/\/www.stockalperweg.ch\/wp-content\/uploads\/2020\/01\/ViaStockalper-Saltina-Mittub\u00e4ch.jpg","keywords":["Wanderferien"],"articleSection":["Stockalperweg"],"inLanguage":"fr-FR"},{"@type":"WebPage","@id":"https:\/\/www.stockalperweg.ch\/fr\/vacances-randonnee-suisse\/","url":"https:\/\/www.stockalperweg.ch\/fr\/vacances-randonnee-suisse\/","name":"Vacances de randonn\u00e9e en Suisse - sur le chemin du Stockalper","isPartOf":{"@id":"https:\/\/www.stockalperweg.ch\/fr\/#website"},"primaryImageOfPage":{"@id":"https:\/\/www.stockalperweg.ch\/fr\/vacances-randonnee-suisse\/#primaryimage"},"image":{"@id":"https:\/\/www.stockalperweg.ch\/fr\/vacances-randonnee-suisse\/#primaryimage"},"thumbnailUrl":"https:\/\/www.stockalperweg.ch\/wp-content\/uploads\/2020\/01\/ViaStockalper-Saltina-Mittub\u00e4ch.jpg","datePublished":"2020-08-14T14:41:24+00:00","dateModified":"2020-08-20T12:48:27+00:00","description":"Pendant vos vacances de randonn\u00e9e entre la Suisse et l'Italie, vous apprendrez \u00e0 conna\u00eetre l'histoire du Simplon.","breadcrumb":{"@id":"https:\/\/www.stockalperweg.ch\/fr\/vacances-randonnee-suisse\/#breadcrumb"},"inLanguage":"fr-FR","potentialAction":[{"@type":"ReadAction","target":["https:\/\/www.stockalperweg.ch\/fr\/vacances-randonnee-suisse\/"]}]},{"@type":"ImageObject","inLanguage":"fr-FR","@id":"https:\/\/www.stockalperweg.ch\/fr\/vacances-randonnee-suisse\/#primaryimage","url":"https:\/\/www.stockalperweg.ch\/wp-content\/uploads\/2020\/01\/ViaStockalper-Saltina-Mittub\u00e4ch.jpg","contentUrl":"https:\/\/www.stockalperweg.ch\/wp-content\/uploads\/2020\/01\/ViaStockalper-Saltina-Mittub\u00e4ch.jpg","width":1425,"height":1069,"caption":"ViaStockalper Saltina Taferna Mittub\u00e4ch"},{"@type":"BreadcrumbList","@id":"https:\/\/www.stockalperweg.ch\/fr\/vacances-randonnee-suisse\/#breadcrumb","itemListElement":[{"@type":"ListItem","position":1,"name":"Startseite","item":"https:\/\/www.stockalperweg.ch\/fr\/"},{"@type":"ListItem","position":2,"name":"Vacances de randonn\u00e9e en Suisse"}]},{"@type":"WebSite","@id":"https:\/\/www.stockalperweg.ch\/fr\/#website","url":"https:\/\/www.stockalperweg.ch\/fr\/","name":"Stockalperweg","description":"Der historische Wanderweg die ViaStockalper oder auch Stockalperweg f\u00fchrt von Brig nach Domodossola","publisher":{"@id":"https:\/\/www.stockalperweg.ch\/fr\/#organization"},"potentialAction":[{"@type":"SearchAction","target":{"@type":"EntryPoint","urlTemplate":"https:\/\/www.stockalperweg.ch\/fr\/?s={search_term_string}"},"query-input":{"@type":"PropertyValueSpecification","valueRequired":true,"valueName":"search_term_string"}}],"inLanguage":"fr-FR"},{"@type":"Organization","@id":"https:\/\/www.stockalperweg.ch\/fr\/#organization","name":"Stockalperweg","url":"https:\/\/www.stockalperweg.ch\/fr\/","logo":{"@type":"ImageObject","inLanguage":"fr-FR","@id":"https:\/\/www.stockalperweg.ch\/fr\/#\/schema\/logo\/image\/","url":"https:\/\/www.stockalperweg.ch\/wp-content\/uploads\/2020\/01\/logo-2.png","contentUrl":"https:\/\/www.stockalperweg.ch\/wp-content\/uploads\/2020\/01\/logo-2.png","width":400,"height":204,"caption":"Stockalperweg"},"image":{"@id":"https:\/\/www.stockalperweg.ch\/fr\/#\/schema\/logo\/image\/"},"sameAs":["https:\/\/www.facebook.com\/ViaStockalper","https:\/\/de.wikipedia.org\/wiki\/Via_Stockalper"]},{"@type":"Person","@id":"https:\/\/www.stockalperweg.ch\/fr\/#\/schema\/person\/4ec71d7e67a65057fa0b6a19d41828cf","name":"info@stockalperweg.ch","image":{"@type":"ImageObject","inLanguage":"fr-FR","@id":"https:\/\/secure.gravatar.com\/avatar\/1ecf8343727745e479f3b472fefb879d44b080287598d7633c7412ddd969d81b?s=96&d=mm&r=g","url":"https:\/\/secure.gravatar.com\/avatar\/1ecf8343727745e479f3b472fefb879d44b080287598d7633c7412ddd969d81b?s=96&d=mm&r=g","contentUrl":"https:\/\/secure.gravatar.com\/avatar\/1ecf8343727745e479f3b472fefb879d44b080287598d7633c7412ddd969d81b?s=96&d=mm&r=g","caption":"info@stockalperweg.ch"},"url":"https:\/\/www.stockalperweg.ch\/fr\/author\/infostockalperweg-ch\/"}]}},"_links":{"self":[{"href":"https:\/\/www.stockalperweg.ch\/fr\/wp-json\/wp\/v2\/posts\/1951","targetHints":{"allow":["GET"]}}],"collection":[{"href":"https:\/\/www.stockalperweg.ch\/fr\/wp-json\/wp\/v2\/posts"}],"about":[{"href":"https:\/\/www.stockalperweg.ch\/fr\/wp-json\/wp\/v2\/types\/post"}],"author":[{"embeddable":true,"href":"https:\/\/www.stockalperweg.ch\/fr\/wp-json\/wp\/v2\/users\/7"}],"replies":[{"embeddable":true,"href":"https:\/\/www.stockalperweg.ch\/fr\/wp-json\/wp\/v2\/comments?post=1951"}],"version-history":[{"count":7,"href":"https:\/\/www.stockalperweg.ch\/fr\/wp-json\/wp\/v2\/posts\/1951\/revisions"}],"predecessor-version":[{"id":2049,"href":"https:\/\/www.stockalperweg.ch\/fr\/wp-json\/wp\/v2\/posts\/1951\/revisions\/2049"}],"wp:featuredmedia":[{"embeddable":true,"href":"https:\/\/www.stockalperweg.ch\/fr\/wp-json\/wp\/v2\/media\/693"}],"wp:attachment":[{"href":"https:\/\/www.stockalperweg.ch\/fr\/wp-json\/wp\/v2\/media?parent=1951"}],"wp:term":[{"taxonomy":"category","embeddable":true,"href":"https:\/\/www.stockalperweg.ch\/fr\/wp-json\/wp\/v2\/categories?post=1951"},{"taxonomy":"post_tag","embeddable":true,"href":"https:\/\/www.stockalperweg.ch\/fr\/wp-json\/wp\/v2\/tags?post=1951"}],"curies":[{"name":"wp","href":"https:\/\/api.w.org\/{rel}","templated":true}]}}