{"id":1947,"date":"2020-08-14T10:46:07","date_gmt":"2020-08-14T09:46:07","guid":{"rendered":"https:\/\/www.stockalperweg.ch\/barralhaus\/"},"modified":"2020-08-20T13:50:26","modified_gmt":"2020-08-20T12:50:26","slug":"barralhaus","status":"publish","type":"post","link":"https:\/\/www.stockalperweg.ch\/fr\/barralhaus\/","title":{"rendered":"Barralhaus"},"content":{"rendered":"<div id='full_slider_1'  class='avia-fullwidth-slider main_color avia-shadow   avia-builder-el-0  el_before_av_section  avia-builder-el-first   container_wrap fullsize'  ><div  class='avia-slideshow av-k667t7ks-812149b0730c92807e531ed980a3e81c avia-slideshow-featured_large av_slideshow_full avia-slide-slider av-slideshow-ui av-control-default av-slideshow-manual av-loop-once av-loop-manual-endless av-default-height-applied   avia-slideshow-1' data-slideshow-options=\"{&quot;animation&quot;:&quot;slide&quot;,&quot;autoplay&quot;:false,&quot;loop_autoplay&quot;:&quot;once&quot;,&quot;interval&quot;:5,&quot;loop_manual&quot;:&quot;manual-endless&quot;,&quot;autoplay_stopper&quot;:false,&quot;noNavigation&quot;:false,&quot;bg_slider&quot;:false,&quot;keep_padding&quot;:false,&quot;hoverpause&quot;:false,&quot;show_slide_delay&quot;:0}\"  itemprop=\"image\" itemscope=\"itemscope\" itemtype=\"https:\/\/schema.org\/ImageObject\" ><ul class='avia-slideshow-inner ' style='padding-bottom: 55.65371024735%;'><li  class='avia-slideshow-slide av-k667t7ks-812149b0730c92807e531ed980a3e81c__0  av-single-slide slide-1 slide-odd'><div data-rel='slideshow-1' class='avia-slide-wrap '   ><img decoding=\"async\" fetchpriority=\"high\" class=\"wp-image-1304 avia-img-lazy-loading-not-1304\"  src=\"https:\/\/www.stockalperweg.ch\/wp-content\/uploads\/2020\/07\/Barralhaus-3-1132x630.jpg\" width=\"1132\" height=\"630\" title='Stockalperweg im Fr\u00fchling' alt='Altes Spitel und Barralhaus'  itemprop=\"thumbnailUrl\"   \/><\/div><\/li><\/ul><\/div><\/div>\n<div id='av_section_1'  class='avia-section av-ta03q-08448e95adffa1ad51b91f30041253c1 main_color avia-section-default avia-no-border-styling  avia-builder-el-1  el_after_av_slideshow_full  el_before_av_button  avia-bg-style-scroll container_wrap fullsize'  ><div class='container av-section-cont-open' ><div class='template-page content  av-content-full alpha units'><div class='post-entry post-entry-type-page post-entry-1947'><div class='entry-content-wrapper clearfix'>\n\n<style type=\"text\/css\" data-created_by=\"avia_inline_auto\" id=\"style-css-av-k3fn2-695eda7605b9a9b1c22299f9036a1c0a\">\n.flex_column.av-k3fn2-695eda7605b9a9b1c22299f9036a1c0a{\nborder-radius:0px 0px 0px 0px;\npadding:0px 0px 0px 0px;\n}\n<\/style>\n<div  class='flex_column av-k3fn2-695eda7605b9a9b1c22299f9036a1c0a av_two_third  avia-builder-el-2  el_before_av_one_third  avia-builder-el-first  first flex_column_div av-zero-column-padding  '     ><section  class='av_textblock_section av-k6685w2b-ceb95e53a44747c080ccba640b4845c3 '   itemscope=\"itemscope\" itemtype=\"https:\/\/schema.org\/BlogPosting\" itemprop=\"blogPost\" ><div class='avia_textblock'  itemprop=\"text\" ><div id=\"listing_entry_content_documents\">\n<div id=\"listing_entry_content\">\n<h2>Barralhaus sur le col du Simplon<\/h2>\n<p>Avec son plan de 7 m sur 120 m, la Barralhaus est le b\u00e2timent le plus particulier du col du Simplon. La maison a \u00e9t\u00e9 nomm\u00e9e d&rsquo;apr\u00e8s son cr\u00e9ateur, l&rsquo;eccl\u00e9siastique Pierre Barral. Monsieur Barral a \u00e9t\u00e9 le fondateur de la Soci\u00e9t\u00e9 missionnaire de Bethl\u00e9em et a fait construire la maison Barral pour que ses \u00e9tudiants puissent y passer des vacances. En 1902, la construction de la maison de vacances a debut\u00e9. Cependant, Monsieur Barral a fait faillite et la construction n&rsquo;a pu \u00eatre achev\u00e9e qu&rsquo;en 1924 par la \u00ab\u00a0Soci\u00e9t\u00e9 de la Maison de la Mission de Bethl\u00e9em\u00a0\u00bb.<\/p>\n<p>Aujourd&rsquo;hui, la Maison Barral appartient \u00e0 l&rsquo;arm\u00e9e suisse, qui utilise le b\u00e2timent comme logement pour les troupes.<\/p>\n<\/div>\n<\/div>\n<h2>Emplacement et arriv\u00e9e<\/h2>\n<p>Depuis Brigue, vous pouvez prendre le car postal jusqu&rsquo;au col du Simplon. \u00c0 la gare de Brigue, prenez le bus postal en direction du Simplon ou de Domodossola (I). Depuis l&rsquo;arr\u00eat de bus \u00ab\u00a0Niwe\u00a0\u00bb, vous pouvez rejoindre le Barralhaus \u00e0 pied en 10 minutes environ. Le Barralhaus est situ\u00e9e \u00e0 c\u00f4t\u00e9 de l'\u00a0\u00bbancien Spittel\u00a0\u00bb.<\/p>\n<p>Un parking gratuit est disponible sur le col Simplon.<\/p>\n<div style=\"min-width: 260px; max-width: 100%\"><script type=\"text\/javascript\" src=\"https:\/\/www.outdooractive.com\/fr\/embed\/51478196\/js?mw=false\"><\/script><\/div>\n<\/div><\/section><\/div>\n<style type=\"text\/css\" data-created_by=\"avia_inline_auto\" id=\"style-css-av-6qpba-44fd14d6a2f84971df285b704e682b35\">\n.flex_column.av-6qpba-44fd14d6a2f84971df285b704e682b35{\nborder-radius:0px 0px 0px 0px;\npadding:0px 0px 0px 0px;\n}\n<\/style>\n<div  class='flex_column av-6qpba-44fd14d6a2f84971df285b704e682b35 av_one_third  avia-builder-el-4  el_after_av_two_third  avia-builder-el-last  flex_column_div av-zero-column-padding  '     ><p>\n<style type=\"text\/css\" data-created_by=\"avia_inline_auto\" id=\"style-css-av-k6689y8h-379bd773cd0ca1e3087a7dd58fe31c75\">\n.avia-image-container.av-k6689y8h-379bd773cd0ca1e3087a7dd58fe31c75 img.avia_image{\nbox-shadow:none;\n}\n.avia-image-container.av-k6689y8h-379bd773cd0ca1e3087a7dd58fe31c75 .av-image-caption-overlay-center{\ncolor:#ffffff;\n}\n<\/style>\n<div  class='avia-image-container av-k6689y8h-379bd773cd0ca1e3087a7dd58fe31c75 av-styling- avia-align-center  avia-builder-el-5  el_before_av_textblock  avia-builder-el-first '   itemprop=\"image\" itemscope=\"itemscope\" itemtype=\"https:\/\/schema.org\/ImageObject\" ><div class=\"avia-image-container-inner\"><div class=\"avia-image-overlay-wrap\"><img decoding=\"async\" fetchpriority=\"high\" class='wp-image-1301 avia-img-lazy-loading-not-1301 avia_image ' src=\"https:\/\/www.stockalperweg.ch\/wp-content\/uploads\/2020\/07\/Barralhaus-300x225.jpg\" alt='Barralhaus' title='Barralhaus'  height=\"225\" width=\"300\"  itemprop=\"thumbnailUrl\" srcset=\"https:\/\/www.stockalperweg.ch\/wp-content\/uploads\/2020\/07\/Barralhaus-300x225.jpg 300w, https:\/\/www.stockalperweg.ch\/wp-content\/uploads\/2020\/07\/Barralhaus-600x449.jpg 600w, https:\/\/www.stockalperweg.ch\/wp-content\/uploads\/2020\/07\/Barralhaus-768x575.jpg 768w, https:\/\/www.stockalperweg.ch\/wp-content\/uploads\/2020\/07\/Barralhaus-705x528.jpg 705w, https:\/\/www.stockalperweg.ch\/wp-content\/uploads\/2020\/07\/Barralhaus.jpg 1012w\" sizes=\"(max-width: 300px) 100vw, 300px\" \/><\/div><\/div><\/div><br \/>\n<section  class='av_textblock_section av-k66b8jzy-8ae5ff0faf73645b4dd48d18682de4cd '   itemscope=\"itemscope\" itemtype=\"https:\/\/schema.org\/BlogPosting\" itemprop=\"blogPost\" ><div class='avia_textblock'  itemprop=\"text\" ><p>\n<style type=\"text\/css\" data-created_by=\"avia_inline_auto\" id=\"style-css-av-azoa4-c9d702b67bf7ed959383c68becbe154a\">\n.av_font_icon.av-azoa4-c9d702b67bf7ed959383c68becbe154a .av-icon-char{\nfont-size:30px;\nline-height:30px;\n}\n<\/style>\n<span  class='av_font_icon av-azoa4-c9d702b67bf7ed959383c68becbe154a avia_animate_when_visible av-icon-style- avia-icon-pos-left avia-iconfont avia-font-entypo-fontello av-no-color avia-icon-animate'><span class='av-icon-char' data-av_icon='\ue842' data-av_iconfont='entypo-fontello' aria-hidden=\"true\" ><\/span><\/span> <a href=\"https:\/\/goo.gl\/maps\/zYVBSGRv7d9VvCpf6\">Barralhaus<\/a><\/p>\n<\/div><\/section><\/p><\/div><\/div><\/div><\/div><!-- close content main div --><\/div><\/div><div id='after_section_1'  class='main_color av_default_container_wrap container_wrap fullsize'  ><div class='container av-section-cont-open' ><div class='template-page content  av-content-full alpha units'><div class='post-entry post-entry-type-page post-entry-1947'><div class='entry-content-wrapper clearfix'><div  class='avia-button-wrap av-kcotb1za-625d3d996acd40c314776e62dfd8ef3d-wrap avia-button-center  avia-builder-el-8  el_after_av_section  avia-builder-el-no-sibling '><a href='https:\/\/www.stockalperweg.ch\/fr\/chemin-du-stockalper\/lieux-dinteret\/'  class='avia-button av-kcotb1za-625d3d996acd40c314776e62dfd8ef3d av-link-btn avia-icon_select-yes-left-icon avia-size-small avia-position-center avia-color-theme-color'   aria-label=\"zur\u00fcck\"><span class='avia_button_icon avia_button_icon_left avia-iconfont avia-font-entypo-fontello' data-av_icon='\ue830' data-av_iconfont='entypo-fontello' ><\/span><span class='avia_iconbox_title' >zur\u00fcck<\/span><\/a><\/div><\/p>\n","protected":false},"excerpt":{"rendered":"<p>Avec une longueur de 120 m\u00e8tres, la \u00ab\u00a0Barralhaus \u00ab\u00a0est le b\u00e2timent le plus impressionnant du col du Simplon.<\/p>\n","protected":false},"author":8,"featured_media":1301,"comment_status":"closed","ping_status":"open","sticky":false,"template":"","format":"standard","meta":{"footnotes":""},"categories":[25],"tags":[],"class_list":["post-1947","post","type-post","status-publish","format-standard","has-post-thumbnail","hentry","category-sehenswuerdigkeiten-fr"],"yoast_head":"<!-- This site is optimized with the Yoast SEO plugin v27.5 - https:\/\/yoast.com\/product\/yoast-seo-wordpress\/ -->\n<title>Le &quot;Barralhaus&quot; sur le col du Simplon - Stockalperweg<\/title>\n<meta name=\"description\" content=\"Avec une longueur de 120 m\u00e8tres, la &quot;Barralhaus &quot;est le b\u00e2timent le plus impressionnant du col du Simplon.\" \/>\n<meta name=\"robots\" content=\"index, follow, max-snippet:-1, max-image-preview:large, max-video-preview:-1\" \/>\n<link rel=\"canonical\" href=\"https:\/\/www.stockalperweg.ch\/fr\/barralhaus\/\" \/>\n<meta property=\"og:locale\" content=\"fr_FR\" \/>\n<meta property=\"og:type\" content=\"article\" \/>\n<meta property=\"og:title\" content=\"Le &quot;Barralhaus&quot; sur le col du Simplon - Stockalperweg\" \/>\n<meta property=\"og:description\" content=\"Avec une longueur de 120 m\u00e8tres, la &quot;Barralhaus &quot;est le b\u00e2timent le plus impressionnant du col du Simplon.\" \/>\n<meta property=\"og:url\" content=\"https:\/\/www.stockalperweg.ch\/fr\/barralhaus\/\" \/>\n<meta property=\"og:site_name\" content=\"Stockalperweg\" \/>\n<meta property=\"article:publisher\" content=\"https:\/\/www.facebook.com\/ViaStockalper\" \/>\n<meta property=\"article:published_time\" content=\"2020-08-14T09:46:07+00:00\" \/>\n<meta property=\"article:modified_time\" content=\"2020-08-20T12:50:26+00:00\" \/>\n<meta property=\"og:image\" content=\"https:\/\/www.stockalperweg.ch\/wp-content\/uploads\/2020\/07\/Barralhaus.jpg\" \/>\n\t<meta property=\"og:image:width\" content=\"1012\" \/>\n\t<meta property=\"og:image:height\" content=\"758\" \/>\n\t<meta property=\"og:image:type\" content=\"image\/jpeg\" \/>\n<meta name=\"author\" content=\"Simplonpass\" \/>\n<meta name=\"twitter:card\" content=\"summary_large_image\" \/>\n<meta name=\"twitter:label1\" content=\"\u00c9crit par\" \/>\n\t<meta name=\"twitter:data1\" content=\"Simplonpass\" \/>\n\t<meta name=\"twitter:label2\" content=\"Dur\u00e9e de lecture estim\u00e9e\" \/>\n\t<meta name=\"twitter:data2\" content=\"5 minutes\" \/>\n<script type=\"application\/ld+json\" class=\"yoast-schema-graph\">{\"@context\":\"https:\\\/\\\/schema.org\",\"@graph\":[{\"@type\":\"Article\",\"@id\":\"https:\\\/\\\/www.stockalperweg.ch\\\/fr\\\/barralhaus\\\/#article\",\"isPartOf\":{\"@id\":\"https:\\\/\\\/www.stockalperweg.ch\\\/fr\\\/barralhaus\\\/\"},\"author\":{\"name\":\"Simplonpass\",\"@id\":\"https:\\\/\\\/www.stockalperweg.ch\\\/fr\\\/#\\\/schema\\\/person\\\/1b2b2a78dd2f7f895b1fce01b1ff4a63\"},\"headline\":\"Barralhaus\",\"datePublished\":\"2020-08-14T09:46:07+00:00\",\"dateModified\":\"2020-08-20T12:50:26+00:00\",\"mainEntityOfPage\":{\"@id\":\"https:\\\/\\\/www.stockalperweg.ch\\\/fr\\\/barralhaus\\\/\"},\"wordCount\":999,\"publisher\":{\"@id\":\"https:\\\/\\\/www.stockalperweg.ch\\\/fr\\\/#organization\"},\"image\":{\"@id\":\"https:\\\/\\\/www.stockalperweg.ch\\\/fr\\\/barralhaus\\\/#primaryimage\"},\"thumbnailUrl\":\"https:\\\/\\\/www.stockalperweg.ch\\\/wp-content\\\/uploads\\\/2020\\\/07\\\/Barralhaus.jpg\",\"articleSection\":[\"Sehensw\u00fcrdigkeiten\"],\"inLanguage\":\"fr-FR\"},{\"@type\":\"WebPage\",\"@id\":\"https:\\\/\\\/www.stockalperweg.ch\\\/fr\\\/barralhaus\\\/\",\"url\":\"https:\\\/\\\/www.stockalperweg.ch\\\/fr\\\/barralhaus\\\/\",\"name\":\"Le \\\"Barralhaus\\\" sur le col du Simplon - Stockalperweg\",\"isPartOf\":{\"@id\":\"https:\\\/\\\/www.stockalperweg.ch\\\/fr\\\/#website\"},\"primaryImageOfPage\":{\"@id\":\"https:\\\/\\\/www.stockalperweg.ch\\\/fr\\\/barralhaus\\\/#primaryimage\"},\"image\":{\"@id\":\"https:\\\/\\\/www.stockalperweg.ch\\\/fr\\\/barralhaus\\\/#primaryimage\"},\"thumbnailUrl\":\"https:\\\/\\\/www.stockalperweg.ch\\\/wp-content\\\/uploads\\\/2020\\\/07\\\/Barralhaus.jpg\",\"datePublished\":\"2020-08-14T09:46:07+00:00\",\"dateModified\":\"2020-08-20T12:50:26+00:00\",\"description\":\"Avec une longueur de 120 m\u00e8tres, la \\\"Barralhaus \\\"est le b\u00e2timent le plus impressionnant du col du Simplon.\",\"breadcrumb\":{\"@id\":\"https:\\\/\\\/www.stockalperweg.ch\\\/fr\\\/barralhaus\\\/#breadcrumb\"},\"inLanguage\":\"fr-FR\",\"potentialAction\":[{\"@type\":\"ReadAction\",\"target\":[\"https:\\\/\\\/www.stockalperweg.ch\\\/fr\\\/barralhaus\\\/\"]}]},{\"@type\":\"ImageObject\",\"inLanguage\":\"fr-FR\",\"@id\":\"https:\\\/\\\/www.stockalperweg.ch\\\/fr\\\/barralhaus\\\/#primaryimage\",\"url\":\"https:\\\/\\\/www.stockalperweg.ch\\\/wp-content\\\/uploads\\\/2020\\\/07\\\/Barralhaus.jpg\",\"contentUrl\":\"https:\\\/\\\/www.stockalperweg.ch\\\/wp-content\\\/uploads\\\/2020\\\/07\\\/Barralhaus.jpg\",\"width\":1012,\"height\":758,\"caption\":\"Barralhaus\"},{\"@type\":\"BreadcrumbList\",\"@id\":\"https:\\\/\\\/www.stockalperweg.ch\\\/fr\\\/barralhaus\\\/#breadcrumb\",\"itemListElement\":[{\"@type\":\"ListItem\",\"position\":1,\"name\":\"Startseite\",\"item\":\"https:\\\/\\\/www.stockalperweg.ch\\\/fr\\\/\"},{\"@type\":\"ListItem\",\"position\":2,\"name\":\"Barralhaus\"}]},{\"@type\":\"WebSite\",\"@id\":\"https:\\\/\\\/www.stockalperweg.ch\\\/fr\\\/#website\",\"url\":\"https:\\\/\\\/www.stockalperweg.ch\\\/fr\\\/\",\"name\":\"Stockalperweg\",\"description\":\"Der historische Wanderweg die ViaStockalper oder auch Stockalperweg f\u00fchrt von Brig nach Domodossola\",\"publisher\":{\"@id\":\"https:\\\/\\\/www.stockalperweg.ch\\\/fr\\\/#organization\"},\"potentialAction\":[{\"@type\":\"SearchAction\",\"target\":{\"@type\":\"EntryPoint\",\"urlTemplate\":\"https:\\\/\\\/www.stockalperweg.ch\\\/fr\\\/?s={search_term_string}\"},\"query-input\":{\"@type\":\"PropertyValueSpecification\",\"valueRequired\":true,\"valueName\":\"search_term_string\"}}],\"inLanguage\":\"fr-FR\"},{\"@type\":\"Organization\",\"@id\":\"https:\\\/\\\/www.stockalperweg.ch\\\/fr\\\/#organization\",\"name\":\"Stockalperweg\",\"url\":\"https:\\\/\\\/www.stockalperweg.ch\\\/fr\\\/\",\"logo\":{\"@type\":\"ImageObject\",\"inLanguage\":\"fr-FR\",\"@id\":\"https:\\\/\\\/www.stockalperweg.ch\\\/fr\\\/#\\\/schema\\\/logo\\\/image\\\/\",\"url\":\"https:\\\/\\\/www.stockalperweg.ch\\\/wp-content\\\/uploads\\\/2020\\\/01\\\/logo-2.png\",\"contentUrl\":\"https:\\\/\\\/www.stockalperweg.ch\\\/wp-content\\\/uploads\\\/2020\\\/01\\\/logo-2.png\",\"width\":400,\"height\":204,\"caption\":\"Stockalperweg\"},\"image\":{\"@id\":\"https:\\\/\\\/www.stockalperweg.ch\\\/fr\\\/#\\\/schema\\\/logo\\\/image\\\/\"},\"sameAs\":[\"https:\\\/\\\/www.facebook.com\\\/ViaStockalper\",\"https:\\\/\\\/de.wikipedia.org\\\/wiki\\\/Via_Stockalper\"]},{\"@type\":\"Person\",\"@id\":\"https:\\\/\\\/www.stockalperweg.ch\\\/fr\\\/#\\\/schema\\\/person\\\/1b2b2a78dd2f7f895b1fce01b1ff4a63\",\"name\":\"Simplonpass\",\"image\":{\"@type\":\"ImageObject\",\"inLanguage\":\"fr-FR\",\"@id\":\"https:\\\/\\\/secure.gravatar.com\\\/avatar\\\/ff62a561e19c67678d925ef27ad4a2437eb1cf15283ed226815c78c9abe8f764?s=96&d=mm&r=g\",\"url\":\"https:\\\/\\\/secure.gravatar.com\\\/avatar\\\/ff62a561e19c67678d925ef27ad4a2437eb1cf15283ed226815c78c9abe8f764?s=96&d=mm&r=g\",\"contentUrl\":\"https:\\\/\\\/secure.gravatar.com\\\/avatar\\\/ff62a561e19c67678d925ef27ad4a2437eb1cf15283ed226815c78c9abe8f764?s=96&d=mm&r=g\",\"caption\":\"Simplonpass\"},\"url\":\"https:\\\/\\\/www.stockalperweg.ch\\\/fr\\\/author\\\/simplonpass\\\/\"}]}<\/script>\n<!-- \/ Yoast SEO plugin. -->","yoast_head_json":{"title":"Le \"Barralhaus\" sur le col du Simplon - Stockalperweg","description":"Avec une longueur de 120 m\u00e8tres, la \"Barralhaus \"est le b\u00e2timent le plus impressionnant du col du Simplon.","robots":{"index":"index","follow":"follow","max-snippet":"max-snippet:-1","max-image-preview":"max-image-preview:large","max-video-preview":"max-video-preview:-1"},"canonical":"https:\/\/www.stockalperweg.ch\/fr\/barralhaus\/","og_locale":"fr_FR","og_type":"article","og_title":"Le \"Barralhaus\" sur le col du Simplon - Stockalperweg","og_description":"Avec une longueur de 120 m\u00e8tres, la \"Barralhaus \"est le b\u00e2timent le plus impressionnant du col du Simplon.","og_url":"https:\/\/www.stockalperweg.ch\/fr\/barralhaus\/","og_site_name":"Stockalperweg","article_publisher":"https:\/\/www.facebook.com\/ViaStockalper","article_published_time":"2020-08-14T09:46:07+00:00","article_modified_time":"2020-08-20T12:50:26+00:00","og_image":[{"width":1012,"height":758,"url":"https:\/\/www.stockalperweg.ch\/wp-content\/uploads\/2020\/07\/Barralhaus.jpg","type":"image\/jpeg"}],"author":"Simplonpass","twitter_card":"summary_large_image","twitter_misc":{"\u00c9crit par":"Simplonpass","Dur\u00e9e de lecture estim\u00e9e":"5 minutes"},"schema":{"@context":"https:\/\/schema.org","@graph":[{"@type":"Article","@id":"https:\/\/www.stockalperweg.ch\/fr\/barralhaus\/#article","isPartOf":{"@id":"https:\/\/www.stockalperweg.ch\/fr\/barralhaus\/"},"author":{"name":"Simplonpass","@id":"https:\/\/www.stockalperweg.ch\/fr\/#\/schema\/person\/1b2b2a78dd2f7f895b1fce01b1ff4a63"},"headline":"Barralhaus","datePublished":"2020-08-14T09:46:07+00:00","dateModified":"2020-08-20T12:50:26+00:00","mainEntityOfPage":{"@id":"https:\/\/www.stockalperweg.ch\/fr\/barralhaus\/"},"wordCount":999,"publisher":{"@id":"https:\/\/www.stockalperweg.ch\/fr\/#organization"},"image":{"@id":"https:\/\/www.stockalperweg.ch\/fr\/barralhaus\/#primaryimage"},"thumbnailUrl":"https:\/\/www.stockalperweg.ch\/wp-content\/uploads\/2020\/07\/Barralhaus.jpg","articleSection":["Sehensw\u00fcrdigkeiten"],"inLanguage":"fr-FR"},{"@type":"WebPage","@id":"https:\/\/www.stockalperweg.ch\/fr\/barralhaus\/","url":"https:\/\/www.stockalperweg.ch\/fr\/barralhaus\/","name":"Le \"Barralhaus\" sur le col du Simplon - Stockalperweg","isPartOf":{"@id":"https:\/\/www.stockalperweg.ch\/fr\/#website"},"primaryImageOfPage":{"@id":"https:\/\/www.stockalperweg.ch\/fr\/barralhaus\/#primaryimage"},"image":{"@id":"https:\/\/www.stockalperweg.ch\/fr\/barralhaus\/#primaryimage"},"thumbnailUrl":"https:\/\/www.stockalperweg.ch\/wp-content\/uploads\/2020\/07\/Barralhaus.jpg","datePublished":"2020-08-14T09:46:07+00:00","dateModified":"2020-08-20T12:50:26+00:00","description":"Avec une longueur de 120 m\u00e8tres, la \"Barralhaus \"est le b\u00e2timent le plus impressionnant du col du Simplon.","breadcrumb":{"@id":"https:\/\/www.stockalperweg.ch\/fr\/barralhaus\/#breadcrumb"},"inLanguage":"fr-FR","potentialAction":[{"@type":"ReadAction","target":["https:\/\/www.stockalperweg.ch\/fr\/barralhaus\/"]}]},{"@type":"ImageObject","inLanguage":"fr-FR","@id":"https:\/\/www.stockalperweg.ch\/fr\/barralhaus\/#primaryimage","url":"https:\/\/www.stockalperweg.ch\/wp-content\/uploads\/2020\/07\/Barralhaus.jpg","contentUrl":"https:\/\/www.stockalperweg.ch\/wp-content\/uploads\/2020\/07\/Barralhaus.jpg","width":1012,"height":758,"caption":"Barralhaus"},{"@type":"BreadcrumbList","@id":"https:\/\/www.stockalperweg.ch\/fr\/barralhaus\/#breadcrumb","itemListElement":[{"@type":"ListItem","position":1,"name":"Startseite","item":"https:\/\/www.stockalperweg.ch\/fr\/"},{"@type":"ListItem","position":2,"name":"Barralhaus"}]},{"@type":"WebSite","@id":"https:\/\/www.stockalperweg.ch\/fr\/#website","url":"https:\/\/www.stockalperweg.ch\/fr\/","name":"Stockalperweg","description":"Der historische Wanderweg die ViaStockalper oder auch Stockalperweg f\u00fchrt von Brig nach Domodossola","publisher":{"@id":"https:\/\/www.stockalperweg.ch\/fr\/#organization"},"potentialAction":[{"@type":"SearchAction","target":{"@type":"EntryPoint","urlTemplate":"https:\/\/www.stockalperweg.ch\/fr\/?s={search_term_string}"},"query-input":{"@type":"PropertyValueSpecification","valueRequired":true,"valueName":"search_term_string"}}],"inLanguage":"fr-FR"},{"@type":"Organization","@id":"https:\/\/www.stockalperweg.ch\/fr\/#organization","name":"Stockalperweg","url":"https:\/\/www.stockalperweg.ch\/fr\/","logo":{"@type":"ImageObject","inLanguage":"fr-FR","@id":"https:\/\/www.stockalperweg.ch\/fr\/#\/schema\/logo\/image\/","url":"https:\/\/www.stockalperweg.ch\/wp-content\/uploads\/2020\/01\/logo-2.png","contentUrl":"https:\/\/www.stockalperweg.ch\/wp-content\/uploads\/2020\/01\/logo-2.png","width":400,"height":204,"caption":"Stockalperweg"},"image":{"@id":"https:\/\/www.stockalperweg.ch\/fr\/#\/schema\/logo\/image\/"},"sameAs":["https:\/\/www.facebook.com\/ViaStockalper","https:\/\/de.wikipedia.org\/wiki\/Via_Stockalper"]},{"@type":"Person","@id":"https:\/\/www.stockalperweg.ch\/fr\/#\/schema\/person\/1b2b2a78dd2f7f895b1fce01b1ff4a63","name":"Simplonpass","image":{"@type":"ImageObject","inLanguage":"fr-FR","@id":"https:\/\/secure.gravatar.com\/avatar\/ff62a561e19c67678d925ef27ad4a2437eb1cf15283ed226815c78c9abe8f764?s=96&d=mm&r=g","url":"https:\/\/secure.gravatar.com\/avatar\/ff62a561e19c67678d925ef27ad4a2437eb1cf15283ed226815c78c9abe8f764?s=96&d=mm&r=g","contentUrl":"https:\/\/secure.gravatar.com\/avatar\/ff62a561e19c67678d925ef27ad4a2437eb1cf15283ed226815c78c9abe8f764?s=96&d=mm&r=g","caption":"Simplonpass"},"url":"https:\/\/www.stockalperweg.ch\/fr\/author\/simplonpass\/"}]}},"_links":{"self":[{"href":"https:\/\/www.stockalperweg.ch\/fr\/wp-json\/wp\/v2\/posts\/1947","targetHints":{"allow":["GET"]}}],"collection":[{"href":"https:\/\/www.stockalperweg.ch\/fr\/wp-json\/wp\/v2\/posts"}],"about":[{"href":"https:\/\/www.stockalperweg.ch\/fr\/wp-json\/wp\/v2\/types\/post"}],"author":[{"embeddable":true,"href":"https:\/\/www.stockalperweg.ch\/fr\/wp-json\/wp\/v2\/users\/8"}],"replies":[{"embeddable":true,"href":"https:\/\/www.stockalperweg.ch\/fr\/wp-json\/wp\/v2\/comments?post=1947"}],"version-history":[{"count":3,"href":"https:\/\/www.stockalperweg.ch\/fr\/wp-json\/wp\/v2\/posts\/1947\/revisions"}],"predecessor-version":[{"id":2050,"href":"https:\/\/www.stockalperweg.ch\/fr\/wp-json\/wp\/v2\/posts\/1947\/revisions\/2050"}],"wp:featuredmedia":[{"embeddable":true,"href":"https:\/\/www.stockalperweg.ch\/fr\/wp-json\/wp\/v2\/media\/1301"}],"wp:attachment":[{"href":"https:\/\/www.stockalperweg.ch\/fr\/wp-json\/wp\/v2\/media?parent=1947"}],"wp:term":[{"taxonomy":"category","embeddable":true,"href":"https:\/\/www.stockalperweg.ch\/fr\/wp-json\/wp\/v2\/categories?post=1947"},{"taxonomy":"post_tag","embeddable":true,"href":"https:\/\/www.stockalperweg.ch\/fr\/wp-json\/wp\/v2\/tags?post=1947"}],"curies":[{"name":"wp","href":"https:\/\/api.w.org\/{rel}","templated":true}]}}